{"id":62175,"date":"2024-10-23T14:08:57","date_gmt":"2024-10-23T20:08:57","guid":{"rendered":"https:\/\/informativoelvalledeaguascalientes.online\/?p=62175"},"modified":"2024-10-23T17:12:17","modified_gmt":"2024-10-23T23:12:17","slug":"cambio-entre-rieleros-y-leones-de-yucatan","status":"publish","type":"post","link":"https:\/\/informativoelvalledeaguascalientes.online\/?p=62175","title":{"rendered":"Cambio entre Rieleros y Leones de Yucat\u00e1n"},"content":{"rendered":"<p>#informativoelvalledeaguascalientes<\/p>\n<p>#novaradioaguascalientes<\/p>\n<p>#informativoelvalledeaguascalientesll<\/p>\n<p>#LaCiudadDeTuVida<\/p>\n<p>&nbsp;<\/p>\n<p>&nbsp;<\/p>\n<p>Aguascalientes, Ags. (www.rielerosags.com \/ Larissa Valenzuela) 23 de octubre de 2024.<\/p>\n<p>Sam Clay, pitcher zurdo relevista llega a la novena hidroc\u00e1lida para dar profundidad al cuerpo de lanzadores que se est\u00e1 armando para la temporada 2025 de la Liga Mexicana de B\u00e9isbol, el norteamericano llega en cambio definitivo con la novena de Leones de Yucat\u00e1n, quienes reciben a Shea Spitzbarth.<\/p>\n<p>Clay es originario de Knoxville Tennessee, tiene 31 a\u00f1os de edad y se perfila para ser uno de los pitchers zurdos relevistas de calidad que podr\u00e1 utilizar el manager Jos\u00e9 Amado para situaciones espec\u00edficas durante los juegos. A diferencia de la temporada pasada, para 2025 Rieleros contar\u00e1 con suficientes brazos zurdos, lo que permitir\u00e1 tener un nivel de dominio frente a los bateadores todav\u00eda mayor y poder bajar la efectividad colectiva del equipo.<\/p>\n<p>El norteamericano cuenta con un total de 11 temporadas como pelotero profesional, destacando que en 2022 jug\u00f3 en Grandes Ligas para Washington Nationals y a mitad de temporada fue transferido a New York Mets. Despu\u00e9s de esa experiencia, recibi\u00f3 un contrato para Ligas Menores con Detroit Tigers y en 2024, tuvo su debut en la Liga Mexicana de B\u00e9isbol con Olmecas de Tabasco, equipo con el que tuvo un total de 16 apariciones y dej\u00f3 una efectividad de 7.16 en espacio de 11.1 innings lanzados. Para la recta final de temporada, Clay fue adquirido por los Leones de Yucat\u00e1n, equipo en el cual solamente tuvo actuaci\u00f3n en 11 encuentros, dejando r\u00e9cord de 1-1 y efectividad de 3.38 en espacio de 10.1 innings lanzados.<\/p>\n<p>En toda su carrera profesional, Clay tiene r\u00e9cord de 45-38 con efectividad de 3.39 en 694.1 entradas de labor, adem\u00e1s de 718 chocolates propinados y 401 bases por bola otorgadas.<\/p>\n<p>\u201cEs un zurdo relevista con experiencia en Grandes Ligas, que est\u00e1 proyectado para ser un gran relevo situacional, ayud\u00e1ndonos en entradas de la 7 a la 9, sobre todo absorbiendo situaciones un tanto complicadas para ayudarnos a derribar por completo las estrategias del equipo contrario. Sabe combinar perfectamente su velocidad con el control en los lanzamientos, destacando por completo su curva y cambio dominantes\u201d, expres\u00f3 el Vicepresidente Deportivo \u00d3scar Romero al departamento de comunicaci\u00f3n de Rieleros ante la llegada del norteamericano.<\/p>\n","protected":false},"excerpt":{"rendered":"<p>#informativoelvalledeaguascalientes #novaradioaguascalientes #informativoelvalledeaguascalientesll #LaCiudadDeTuVida &nbsp; &nbsp; Aguascalientes, Ags. (www.rielerosags.com \/ Larissa Valenzuela) 23 de octubre de 2024. Sam Clay, pitcher zurdo relevista llega a la novena hidroc\u00e1lida para dar profundidad al cuerpo de lanzadores que se est\u00e1 armando para la temporada 2025 de la Liga Mexicana de B\u00e9isbol, el norteamericano llega en cambio definitivo con [&hellip;]<\/p>\n","protected":false},"author":13383,"featured_media":62176,"comment_status":"closed","ping_status":"open","sticky":false,"template":"","format":"standard","meta":{"advanced_seo_description":"","jetpack_seo_html_title":"","jetpack_seo_noindex":false,"_jetpack_memberships_contains_paid_content":false,"footnotes":"","jetpack_publicize_message":"","jetpack_publicize_feature_enabled":true,"jetpack_social_post_already_shared":true,"jetpack_social_options":{"image_generator_settings":{"template":"highway","default_image_id":0,"font":"","enabled":false},"version":2}},"categories":[21,760],"tags":[22,757],"class_list":["post-62175","post","type-post","status-publish","format-standard","has-post-thumbnail","hentry","category-aguascalientes","category-rieleros-de-aguascalientes","tag-aguascalientes","tag-rieleros-de-aguascalientes"],"jetpack_publicize_connections":[],"jetpack_featured_media_url":"https:\/\/i0.wp.com\/informativoelvalledeaguascalientes.online\/wp-content\/uploads\/2024\/10\/WhatsApp-Image-2024-10-23-at-2.01.45-PM.jpeg?fit=1280%2C853&ssl=1","jetpack-related-posts":[],"jetpack_sharing_enabled":true,"jetpack_likes_enabled":true,"_links":{"self":[{"href":"https:\/\/informativoelvalledeaguascalientes.online\/index.php?rest_route=\/wp\/v2\/posts\/62175","targetHints":{"allow":["GET"]}}],"collection":[{"href":"https:\/\/informativoelvalledeaguascalientes.online\/index.php?rest_route=\/wp\/v2\/posts"}],"about":[{"href":"https:\/\/informativoelvalledeaguascalientes.online\/index.php?rest_route=\/wp\/v2\/types\/post"}],"author":[{"embeddable":true,"href":"https:\/\/informativoelvalledeaguascalientes.online\/index.php?rest_route=\/wp\/v2\/users\/13383"}],"replies":[{"embeddable":true,"href":"https:\/\/informativoelvalledeaguascalientes.online\/index.php?rest_route=%2Fwp%2Fv2%2Fcomments&post=62175"}],"version-history":[{"count":1,"href":"https:\/\/informativoelvalledeaguascalientes.online\/index.php?rest_route=\/wp\/v2\/posts\/62175\/revisions"}],"predecessor-version":[{"id":62177,"href":"https:\/\/informativoelvalledeaguascalientes.online\/index.php?rest_route=\/wp\/v2\/posts\/62175\/revisions\/62177"}],"wp:featuredmedia":[{"embeddable":true,"href":"https:\/\/informativoelvalledeaguascalientes.online\/index.php?rest_route=\/wp\/v2\/media\/62176"}],"wp:attachment":[{"href":"https:\/\/informativoelvalledeaguascalientes.online\/index.php?rest_route=%2Fwp%2Fv2%2Fmedia&parent=62175"}],"wp:term":[{"taxonomy":"category","embeddable":true,"href":"https:\/\/informativoelvalledeaguascalientes.online\/index.php?rest_route=%2Fwp%2Fv2%2Fcategories&post=62175"},{"taxonomy":"post_tag","embeddable":true,"href":"https:\/\/informativoelvalledeaguascalientes.online\/index.php?rest_route=%2Fwp%2Fv2%2Ftags&post=62175"}],"curies":[{"name":"wp","href":"https:\/\/api.w.org\/{rel}","templated":true}]}}