{"id":62015,"date":"2024-10-18T16:33:20","date_gmt":"2024-10-18T22:33:20","guid":{"rendered":"https:\/\/informativoelvalledeaguascalientes.online\/?p=62015"},"modified":"2024-10-18T17:36:52","modified_gmt":"2024-10-18T23:36:52","slug":"se-llevo-a-cabo-el-primer-foro-de-consulta-de-museos-y-galerias-un-paso-hacia-la-mejora-de-la-experiencia-del-publico","status":"publish","type":"post","link":"https:\/\/informativoelvalledeaguascalientes.online\/?p=62015","title":{"rendered":"SE LLEV\u00d3 A CABO EL PRIMER FORO DE CONSULTA DE MUSEOS Y GALER\u00cdAS: UN PASO HACIA LA MEJORA DE LA EXPERIENCIA DEL P\u00daBLICO"},"content":{"rendered":"<p>#informativoelvalledeaguascalientes<\/p>\n<p>#novaradioaguascalientes<\/p>\n<p>#informativoelvalledeaguascalientesll<\/p>\n<p>&nbsp;<\/p>\n<p>&nbsp;<\/p>\n<p>En las instalaciones del Museo Espacio se llev\u00f3 a cabo el Primer Foro de Consulta Ciudadana de Museos y Galer\u00edas, con la participaci\u00f3n de diversos sectores de la poblaci\u00f3n.<\/p>\n<p>Este foro es parte de un estudio liderado por la coordinaci\u00f3n de Museos y Galer\u00edas que busca recopilar aportes de la sociedad, usuarios y no usuarios, as\u00ed como expertos en el \u00e1rea para elaborar un plan estrat\u00e9gico que responda a las necesidades y expectativas actuales.<\/p>\n<p>Previo al foro, se recabaron encuestas del p\u00fablico asistente a los museos durante julio, agosto y septiembre para conocer su opini\u00f3n sobre la experiencia al visitar el sitio.<\/p>\n<p>El objetivo de este estudio es buscar que los museos y galer\u00edas del Instituto Cultural de Aguascalientes sean centros integrales, incluyentes y vanguardistas en beneficio de nuestro estado.<\/p>\n<p>El estudio continuar\u00e1 con un taller de trabajo con especialistas en arte, pol\u00edticas y gesti\u00f3n cultural e historia del estado y un taller con trabajadores de museos y galer\u00edas, para integrar sus aportes.<\/p>\n","protected":false},"excerpt":{"rendered":"<p>#informativoelvalledeaguascalientes #novaradioaguascalientes #informativoelvalledeaguascalientesll &nbsp; &nbsp; En las instalaciones del Museo Espacio se llev\u00f3 a cabo el Primer Foro de Consulta Ciudadana de Museos y Galer\u00edas, con la participaci\u00f3n de diversos sectores de la poblaci\u00f3n. Este foro es parte de un estudio liderado por la coordinaci\u00f3n de Museos y Galer\u00edas que busca recopilar aportes de la [&hellip;]<\/p>\n","protected":false},"author":13383,"featured_media":62016,"comment_status":"closed","ping_status":"open","sticky":false,"template":"","format":"standard","meta":{"advanced_seo_description":"","jetpack_seo_html_title":"","jetpack_seo_noindex":false,"_jetpack_memberships_contains_paid_content":false,"footnotes":"","jetpack_publicize_message":"","jetpack_publicize_feature_enabled":true,"jetpack_social_post_already_shared":true,"jetpack_social_options":{"image_generator_settings":{"template":"highway","default_image_id":0,"font":"","enabled":false},"version":2}},"categories":[21,4],"tags":[22,615,52],"class_list":["post-62015","post","type-post","status-publish","format-standard","has-post-thumbnail","hentry","category-aguascalientes","category-gobierno-del-estado-aguascalientes","tag-aguascalientes","tag-gobierno-del-estado-de-aguascalientes","tag-ica"],"jetpack_publicize_connections":[],"jetpack_featured_media_url":"https:\/\/i0.wp.com\/informativoelvalledeaguascalientes.online\/wp-content\/uploads\/2024\/10\/WhatsApp-Image-2024-10-18-at-4.01.28-PM.jpeg?fit=1600%2C900&ssl=1","jetpack-related-posts":[],"jetpack_sharing_enabled":true,"jetpack_likes_enabled":true,"_links":{"self":[{"href":"https:\/\/informativoelvalledeaguascalientes.online\/index.php?rest_route=\/wp\/v2\/posts\/62015","targetHints":{"allow":["GET"]}}],"collection":[{"href":"https:\/\/informativoelvalledeaguascalientes.online\/index.php?rest_route=\/wp\/v2\/posts"}],"about":[{"href":"https:\/\/informativoelvalledeaguascalientes.online\/index.php?rest_route=\/wp\/v2\/types\/post"}],"author":[{"embeddable":true,"href":"https:\/\/informativoelvalledeaguascalientes.online\/index.php?rest_route=\/wp\/v2\/users\/13383"}],"replies":[{"embeddable":true,"href":"https:\/\/informativoelvalledeaguascalientes.online\/index.php?rest_route=%2Fwp%2Fv2%2Fcomments&post=62015"}],"version-history":[{"count":1,"href":"https:\/\/informativoelvalledeaguascalientes.online\/index.php?rest_route=\/wp\/v2\/posts\/62015\/revisions"}],"predecessor-version":[{"id":62017,"href":"https:\/\/informativoelvalledeaguascalientes.online\/index.php?rest_route=\/wp\/v2\/posts\/62015\/revisions\/62017"}],"wp:featuredmedia":[{"embeddable":true,"href":"https:\/\/informativoelvalledeaguascalientes.online\/index.php?rest_route=\/wp\/v2\/media\/62016"}],"wp:attachment":[{"href":"https:\/\/informativoelvalledeaguascalientes.online\/index.php?rest_route=%2Fwp%2Fv2%2Fmedia&parent=62015"}],"wp:term":[{"taxonomy":"category","embeddable":true,"href":"https:\/\/informativoelvalledeaguascalientes.online\/index.php?rest_route=%2Fwp%2Fv2%2Fcategories&post=62015"},{"taxonomy":"post_tag","embeddable":true,"href":"https:\/\/informativoelvalledeaguascalientes.online\/index.php?rest_route=%2Fwp%2Fv2%2Ftags&post=62015"}],"curies":[{"name":"wp","href":"https:\/\/api.w.org\/{rel}","templated":true}]}}