{"id":62001,"date":"2024-10-17T19:21:40","date_gmt":"2024-10-18T01:21:40","guid":{"rendered":"https:\/\/informativoelvalledeaguascalientes.online\/?p=62001"},"modified":"2024-10-18T17:24:27","modified_gmt":"2024-10-18T23:24:27","slug":"se-reune-tere-jimenez-con-julio-berdegue-sacristan-secretario-de-agricultura-y-desarrollo-rural","status":"publish","type":"post","link":"https:\/\/informativoelvalledeaguascalientes.online\/?p=62001","title":{"rendered":"SE RE\u00daNE TERE JIM\u00c9NEZ CON JULIO BERDEGU\u00c9 SACRIST\u00c1N, SECRETARIO DE AGRICULTURA Y DESARROLLO RURAL"},"content":{"rendered":"<p>#informativoelvalledeaguascalientes<\/p>\n<p>#novaradioaguascalientes<\/p>\n<p>#informativoelvalledeaguascalientesll<\/p>\n<p>&nbsp;<\/p>\n<p>&nbsp;<\/p>\n<div class=\"\" data-mesh-id=\"comp-l7sh9ubr2inlineContent\" data-testid=\"inline-content\">\n<div data-mesh-id=\"comp-l7sh9ubr2inlineContent-gridContainer\" data-testid=\"mesh-container-content\">\n<div id=\"comp-l7sh9ubx\" class=\"TWFxr5 \">\n<div class=\"comp-l7sh9ubx\">\n<div class=\"sONoD8k comp-l7sh9ubx\" data-hook=\"ricosviewer-wrapper\">\n<div class=\"lTgvL\" dir=\"ltr\" data-id=\"content-viewer\">\n<div class=\"oQroK\">\n<div class=\"GcAfO\">\n<p id=\"viewer-foo\" class=\"qdI7b _4rI8L JKQpO _8x74a\" dir=\"auto\"><span class=\"ECOlE\">La gobernadora de Aguascalientes, Tere Jim\u00e9nez, sostuvo una reuni\u00f3n con el titular de la Secretar\u00eda de Agricultura y Desarrollo Rural (Sader) del gobierno federal, Julio Berdegu\u00e9 Sacrist\u00e1n, con quien acord\u00f3 trabajar de forma coordinada para impulsar el fortalecimiento del campo.<\/span><\/p>\n<div id=\"viewer-w3rt5165\" class=\"qdI7b _4rI8L JKQpO _8x74a\" dir=\"auto\"><span class=\"ECOlE\">\u00a0<\/span><\/div>\n<p id=\"viewer-681va166\" class=\"qdI7b _4rI8L wI9em _8x74a\" dir=\"auto\"><span class=\"ECOlE wI9em\">Durante el encuentro que se realiz\u00f3 en Aguascalientes, la gobernadora destac\u00f3 que se trabaja en diversos proyectos estrat\u00e9gicos, entre los que se encuentran la conclusi\u00f3n del Distrito de Riego 001, para el cual se requiere la tecnificaci\u00f3n de mil 900 hect\u00e1reas de uso agr\u00edcola; esta obra se consolidar\u00e1 con el apoyo del Gobierno Federal.\u00a0<\/span><\/p>\n<div id=\"viewer-d4wmw169\" class=\"qdI7b _4rI8L JKQpO _8x74a\" dir=\"auto\"><span class=\"ECOlE\">\u00a0<\/span><\/div>\n<p id=\"viewer-xkd0a170\" class=\"qdI7b _4rI8L wI9em _8x74a\" dir=\"auto\"><span class=\"ECOlE wI9em\">Tambi\u00e9n aprovech\u00f3 la oportunidad para solicitar el apoyo de la federaci\u00f3n para impulsar programas que beneficien principalmente a peque\u00f1os productores, agricultores y ganaderos; as\u00ed como para fortalecer el uso de tecnolog\u00edas innovadoras que mejoren la productividad y sostenibilidad en el campo.\u00a0<\/span><\/p>\n<div id=\"viewer-m3pmr172\" class=\"qdI7b _4rI8L JKQpO _8x74a\" dir=\"auto\"><span class=\"ECOlE\">\u00a0<\/span><\/div>\n<p id=\"viewer-g3zxr173\" class=\"qdI7b _4rI8L wI9em _8x74a\" dir=\"auto\"><span class=\"ECOlE wI9em\">El titular de Sader, Julio Berdegu\u00e9 Sacrist\u00e1n, indic\u00f3 que en el pa\u00eds se tecnificar\u00e1n m\u00e1s de 200 mil hect\u00e1reas de riego, empezando con 13 distritos prioritarios, entre los que se encuentra Aguascalientes.\u00a0<\/span><\/p>\n<div id=\"viewer-18zmb175\" class=\"qdI7b _4rI8L JKQpO _8x74a\" dir=\"auto\"><span class=\"ECOlE\">\u00a0<\/span><\/div>\n<p id=\"viewer-f5cb3176\" class=\"qdI7b _4rI8L wI9em _8x74a\" dir=\"auto\"><span class=\"ECOlE wI9em\">Finalmente, subray\u00f3 que el trabajo coordinado entre el gobierno estatal y federal permitir\u00e1 avanzar en el desarrollo rural sostenible, mejorando las condiciones de vida de las familias que dependen de la agricultura y la ganader\u00eda en la regi\u00f3n.<\/span><\/p>\n<div id=\"viewer-ahw8s178\" class=\"qdI7b _4rI8L JKQpO _8x74a\" dir=\"auto\"><span class=\"ECOlE\">\u00a0<\/span><\/div>\n<p id=\"viewer-p9c65179\" class=\"qdI7b _4rI8L wI9em _8x74a\" dir=\"auto\"><span class=\"ECOlE wI9em\">En la reuni\u00f3n tambi\u00e9n estuvo presente Isidoro Armend\u00e1riz, titular de la Secretar\u00eda de Desarrollo Rural y Agroempresarial (Sedrae), as\u00ed como funcionarios p\u00fablicos de la Sader.\u00a0<\/span><\/p>\n<\/div>\n<\/div>\n<\/div>\n<\/div>\n<\/div>\n<\/div>\n<\/div>\n<\/div>\n","protected":false},"excerpt":{"rendered":"<p>#informativoelvalledeaguascalientes #novaradioaguascalientes #informativoelvalledeaguascalientesll &nbsp; &nbsp; La gobernadora de Aguascalientes, Tere Jim\u00e9nez, sostuvo una reuni\u00f3n con el titular de la Secretar\u00eda de Agricultura y Desarrollo Rural (Sader) del gobierno federal, Julio Berdegu\u00e9 Sacrist\u00e1n, con quien acord\u00f3 trabajar de forma coordinada para impulsar el fortalecimiento del campo. \u00a0 Durante el encuentro que se realiz\u00f3 en Aguascalientes, la [&hellip;]<\/p>\n","protected":false},"author":13383,"featured_media":62002,"comment_status":"closed","ping_status":"open","sticky":false,"template":"","format":"standard","meta":{"_monsterinsights_skip_tracking":false,"advanced_seo_description":"","jetpack_seo_html_title":"","jetpack_seo_noindex":false,"jetpack_seo_schema_type":"","_jetpack_newsletter_access":"","_jetpack_dont_email_post_to_subs":false,"_jetpack_newsletter_tier_id":0,"_jetpack_memberships_contains_paywalled_content":false,"_jetpack_feature_clip_id":0,"_jetpack_memberships_contains_paid_content":false,"footnotes":"","jetpack_publicize_message":"","jetpack_publicize_feature_enabled":true,"jetpack_social_post_already_shared":true,"jetpack_social_options":{"image_generator_settings":{"template":"highway","default_image_id":0,"font":"","enabled":false},"version":2},"jetpack_post_was_ever_published":false},"categories":[21,4],"tags":[22,615,456,106,320],"class_list":["post-62001","post","type-post","status-publish","format-standard","has-post-thumbnail","hentry","category-aguascalientes","category-gobierno-del-estado-aguascalientes","tag-aguascalientes","tag-gobierno-del-estado-de-aguascalientes","tag-sader","tag-sedrae","tag-tere-jimenez"],"jetpack_publicize_connections":[],"jetpack_featured_media_url":"https:\/\/i0.wp.com\/informativoelvalledeaguascalientes.online\/wp-content\/uploads\/2024\/10\/1-2.jpeg?fit=960%2C640&ssl=1","jetpack-related-posts":[],"jetpack_sharing_enabled":true,"jetpack_likes_enabled":true,"_links":{"self":[{"href":"https:\/\/informativoelvalledeaguascalientes.online\/index.php?rest_route=\/wp\/v2\/posts\/62001","targetHints":{"allow":["GET"]}}],"collection":[{"href":"https:\/\/informativoelvalledeaguascalientes.online\/index.php?rest_route=\/wp\/v2\/posts"}],"about":[{"href":"https:\/\/informativoelvalledeaguascalientes.online\/index.php?rest_route=\/wp\/v2\/types\/post"}],"author":[{"embeddable":true,"href":"https:\/\/informativoelvalledeaguascalientes.online\/index.php?rest_route=\/wp\/v2\/users\/13383"}],"replies":[{"embeddable":true,"href":"https:\/\/informativoelvalledeaguascalientes.online\/index.php?rest_route=%2Fwp%2Fv2%2Fcomments&post=62001"}],"version-history":[{"count":1,"href":"https:\/\/informativoelvalledeaguascalientes.online\/index.php?rest_route=\/wp\/v2\/posts\/62001\/revisions"}],"predecessor-version":[{"id":62003,"href":"https:\/\/informativoelvalledeaguascalientes.online\/index.php?rest_route=\/wp\/v2\/posts\/62001\/revisions\/62003"}],"wp:featuredmedia":[{"embeddable":true,"href":"https:\/\/informativoelvalledeaguascalientes.online\/index.php?rest_route=\/wp\/v2\/media\/62002"}],"wp:attachment":[{"href":"https:\/\/informativoelvalledeaguascalientes.online\/index.php?rest_route=%2Fwp%2Fv2%2Fmedia&parent=62001"}],"wp:term":[{"taxonomy":"category","embeddable":true,"href":"https:\/\/informativoelvalledeaguascalientes.online\/index.php?rest_route=%2Fwp%2Fv2%2Fcategories&post=62001"},{"taxonomy":"post_tag","embeddable":true,"href":"https:\/\/informativoelvalledeaguascalientes.online\/index.php?rest_route=%2Fwp%2Fv2%2Ftags&post=62001"}],"curies":[{"name":"wp","href":"https:\/\/api.w.org\/{rel}","templated":true}]}}