{"id":61973,"date":"2024-10-18T14:54:01","date_gmt":"2024-10-18T20:54:01","guid":{"rendered":"https:\/\/informativoelvalledeaguascalientes.online\/?p=61973"},"modified":"2024-10-18T16:56:23","modified_gmt":"2024-10-18T22:56:23","slug":"brazo-zurdo-juan-diaz-a-la-pretemporada-con-rieleros-en-2025","status":"publish","type":"post","link":"https:\/\/informativoelvalledeaguascalientes.online\/?p=61973","title":{"rendered":"Brazo zurdo: Juan D\u00edaz a la pretemporada con Rieleros en 2025"},"content":{"rendered":"<p>#informativoelvalledeaguascalientes<\/p>\n<p>#novaradioaguascalientes<\/p>\n<p>#informativoelvalledeaguascalientesll<\/p>\n<p>&nbsp;<\/p>\n<p>&nbsp;<\/p>\n<p>Aguascalientes, Ags. (www.rielerosags.com) 18 de octubre de 2024 \/ Larissa Valenzuela.<\/p>\n<p>La b\u00fasqueda de talento que se sume al cuerpo de pitcheo de la novena hidroc\u00e1lida sigue latente, haciendo \u00e9nfasis en los brazos zurdos para poder balancear el nivel de dicho departamento. Es por eso, que tras una larga evaluaci\u00f3n, Juan D\u00edaz recibi\u00f3 la invitaci\u00f3n al campo de entrenamiento para este 2025.<\/p>\n<p>Originario de Santiago, Rep\u00fablica Dominicana, a sus 26 a\u00f1os de edad, D\u00edaz se perfila para poder apoyar tanto abriendo como relevando juegos, teniendo rectas de entre 90 a 95 millas, siendo sus pitcheos m\u00e1s dominantes: curva, cambio, sinker y slider, un excelente punto para una plaza que es totalmente de bateo como Aguascalientes, donde los lanzadores lejos de ocupar gran velocidad, necesitan el control absoluto de los pitcheos para dominar.<\/p>\n<p>Juan tiene ya algunos a\u00f1os de experiencia en el b\u00e9isbol profesional, pues en el a\u00f1o de 2017 firm\u00f3 con Blue Jays, siendo en ese momento uno de los prospectos dominicanos m\u00e1s importantes entre su generaci\u00f3n. En 2021, pas\u00f3 a las filas de Washington Nationals en ligas menores y finalmente en el 2022 prest\u00f3 sus servicios para nivel Rookie y Clase A con Miami Marlins. En un total de 5 temporadas en menores, dej\u00f3 n\u00fameros de 11 ganados y 12 perdidos con ERA de 3.36 en un total de 53 juegos, 28 de ellos iniciados y 6 finalizados en 182 entradas de labor.<\/p>\n<p>Por otro lado, el dominicano tambi\u00e9n tuvo participaci\u00f3n en la Serie del Caribe 2021-2022 con la novena representante de Colombia, misma con la que obtuvo aquel primer campeonato hist\u00f3rico para dicho pa\u00eds, donde tuvo acci\u00f3n en tres juegos, lanzando un inning en cada uno, permitiendo \u00fanicamente dos hits, regalando una base por bola y recetando cuatro chocolates para dejar ERA de 0.00 en dicho torneo.<\/p>\n<p>Se espera que D\u00edaz reporte al campo de entrenamiento desde el primer d\u00eda, para ponerse bajo las \u00f3rdenes del coach de pitcheo H\u00e9ctor Vel\u00e1zquez, quien tendr\u00e1 la misi\u00f3n de evaluar de forma muy completa su trabajo.<\/p>\n","protected":false},"excerpt":{"rendered":"<p>#informativoelvalledeaguascalientes #novaradioaguascalientes #informativoelvalledeaguascalientesll &nbsp; &nbsp; Aguascalientes, Ags. (www.rielerosags.com) 18 de octubre de 2024 \/ Larissa Valenzuela. La b\u00fasqueda de talento que se sume al cuerpo de pitcheo de la novena hidroc\u00e1lida sigue latente, haciendo \u00e9nfasis en los brazos zurdos para poder balancear el nivel de dicho departamento. Es por eso, que tras una larga evaluaci\u00f3n, [&hellip;]<\/p>\n","protected":false},"author":13383,"featured_media":61974,"comment_status":"closed","ping_status":"open","sticky":false,"template":"","format":"standard","meta":{"_monsterinsights_skip_tracking":false,"advanced_seo_description":"","jetpack_seo_html_title":"","jetpack_seo_noindex":false,"jetpack_seo_schema_type":"","_jetpack_newsletter_access":"","_jetpack_dont_email_post_to_subs":false,"_jetpack_newsletter_tier_id":0,"_jetpack_memberships_contains_paywalled_content":false,"_jetpack_feature_clip_id":0,"_jetpack_memberships_contains_paid_content":false,"footnotes":"","jetpack_publicize_message":"","jetpack_publicize_feature_enabled":true,"jetpack_social_post_already_shared":true,"jetpack_social_options":{"image_generator_settings":{"template":"highway","default_image_id":0,"font":"","enabled":false},"version":2},"jetpack_post_was_ever_published":false},"categories":[21,4,760],"tags":[22,757],"class_list":["post-61973","post","type-post","status-publish","format-standard","has-post-thumbnail","hentry","category-aguascalientes","category-gobierno-del-estado-aguascalientes","category-rieleros-de-aguascalientes","tag-aguascalientes","tag-rieleros-de-aguascalientes"],"jetpack_publicize_connections":[],"jetpack_featured_media_url":"https:\/\/i0.wp.com\/informativoelvalledeaguascalientes.online\/wp-content\/uploads\/2024\/10\/WhatsApp-Image-2024-10-18-at-2.15.56-PM.jpeg?fit=519%2C590&ssl=1","jetpack-related-posts":[],"jetpack_sharing_enabled":true,"jetpack_likes_enabled":true,"_links":{"self":[{"href":"https:\/\/informativoelvalledeaguascalientes.online\/index.php?rest_route=\/wp\/v2\/posts\/61973","targetHints":{"allow":["GET"]}}],"collection":[{"href":"https:\/\/informativoelvalledeaguascalientes.online\/index.php?rest_route=\/wp\/v2\/posts"}],"about":[{"href":"https:\/\/informativoelvalledeaguascalientes.online\/index.php?rest_route=\/wp\/v2\/types\/post"}],"author":[{"embeddable":true,"href":"https:\/\/informativoelvalledeaguascalientes.online\/index.php?rest_route=\/wp\/v2\/users\/13383"}],"replies":[{"embeddable":true,"href":"https:\/\/informativoelvalledeaguascalientes.online\/index.php?rest_route=%2Fwp%2Fv2%2Fcomments&post=61973"}],"version-history":[{"count":1,"href":"https:\/\/informativoelvalledeaguascalientes.online\/index.php?rest_route=\/wp\/v2\/posts\/61973\/revisions"}],"predecessor-version":[{"id":61975,"href":"https:\/\/informativoelvalledeaguascalientes.online\/index.php?rest_route=\/wp\/v2\/posts\/61973\/revisions\/61975"}],"wp:featuredmedia":[{"embeddable":true,"href":"https:\/\/informativoelvalledeaguascalientes.online\/index.php?rest_route=\/wp\/v2\/media\/61974"}],"wp:attachment":[{"href":"https:\/\/informativoelvalledeaguascalientes.online\/index.php?rest_route=%2Fwp%2Fv2%2Fmedia&parent=61973"}],"wp:term":[{"taxonomy":"category","embeddable":true,"href":"https:\/\/informativoelvalledeaguascalientes.online\/index.php?rest_route=%2Fwp%2Fv2%2Fcategories&post=61973"},{"taxonomy":"post_tag","embeddable":true,"href":"https:\/\/informativoelvalledeaguascalientes.online\/index.php?rest_route=%2Fwp%2Fv2%2Ftags&post=61973"}],"curies":[{"name":"wp","href":"https:\/\/api.w.org\/{rel}","templated":true}]}}