{"id":61864,"date":"2024-10-15T11:17:33","date_gmt":"2024-10-15T17:17:33","guid":{"rendered":"https:\/\/informativoelvalledeaguascalientes.online\/?p=61864"},"modified":"2024-10-15T23:21:03","modified_gmt":"2024-10-16T05:21:03","slug":"cabildo-de-calvillo-aprobo-por-mayoria-las-propuestas-del-presidente-municipal","status":"publish","type":"post","link":"https:\/\/informativoelvalledeaguascalientes.online\/?p=61864","title":{"rendered":"Cabildo de Calvillo aprob\u00f3 por mayor\u00eda las propuestas del presidente municipal"},"content":{"rendered":"<p>#informativoelvalledeaguascalientes #novaradioaguascalientes #informativoelvalledeaguascalientesll<\/p>\n<p>&nbsp;<\/p>\n<p>&nbsp;<\/p>\n<p>\ud83d\ude4b\ud83c\udffb\u200d\u2642\ufe0f\ud83d\udd39 \ud835\uddd6\ud835\uddee\ud835\uddef\ud835\uddf6\ud835\uddf9\ud835\uddf1\ud835\uddfc \ud835\uddf1\ud835\uddf2 \ud835\uddd6\ud835\uddee\ud835\uddf9\ud835\ude03\ud835\uddf6\ud835\uddf9\ud835\uddf9\ud835\uddfc \ud835\uddee\ud835\uddfd\ud835\uddff\ud835\uddfc\ud835\uddef\ud835\udc28\u0301 \ud835\uddfd\ud835\uddfc\ud835\uddff \ud835\uddfa\ud835\uddee\ud835\ude06\ud835\uddfc\ud835\uddff\ud835\udc22\u0301\ud835\uddee \ud835\uddf9\ud835\uddee\ud835\ude00 \ud835\uddfd\ud835\uddff\ud835\uddfc\ud835\uddfd\ud835\ude02\ud835\uddf2\ud835\ude00\ud835\ude01\ud835\uddee\ud835\ude00 \ud835\uddf1\ud835\uddf2\ud835\uddf9 \ud835\uddfd\ud835\uddff\ud835\uddf2\ud835\ude00\ud835\uddf6\ud835\uddf1\ud835\uddf2\ud835\uddfb\ud835\ude01\ud835\uddf2 \ud835\uddfa\ud835\ude02\ud835\uddfb\ud835\uddf6\ud835\uddf0\ud835\uddf6\ud835\uddfd\ud835\uddee\ud835\uddf9, \ud835\uddd7\ud835\uddee\ud835\uddfb\ud835\uddf6\ud835\uddf2\ud835\uddf9 \ud835\udde5\ud835\uddfc\ud835\uddfa\ud835\uddfc \ud835\udde8\ud835\uddff\ud835\uddff\ud835\ude02\ud835\ude01\ud835\uddf6\ud835\uddee \ud835\uddfd\ud835\uddee\ud835\uddff\ud835\uddee \ud835\uddf2\ud835\uddfb\ud835\uddf0\ud835\uddee\ud835\uddef\ud835\uddf2\ud835\ude07\ud835\uddee\ud835\uddff \ud835\udde6\ud835\uddf2\ud835\uddf0\ud835\uddff\ud835\uddf2\ud835\ude01\ud835\uddee\ud835\uddff\ud835\udc22\u0301\ud835\uddee\ud835\ude00 \ud835\udde0\ud835\ude02\ud835\uddfb\ud835\uddf6\ud835\uddf0\ud835\uddf6\ud835\uddfd\ud835\uddee\ud835\uddf9\ud835\uddf2\ud835\ude00<\/p>\n<p>&nbsp;<\/p>\n<p>En sesi\u00f3n extraordinaria de Cabildo del Municipio de Calvillo, las y los integrantes aprobaron por mayor\u00eda las propuestas presentadas por el presidente municipal, Daniel Romo Urrutia, para encabezar la Secretar\u00eda de Gobernaci\u00f3n y del Ayuntamiento y la Secretar\u00eda de Finanzas y Administraci\u00f3n para el periodo 2024-2027.<\/p>\n<p>Durante el desarrollo del orden del d\u00eda, los nuevos funcionarios municipales rindieron su Protesta de Ley correspondiente. Arturo Cardona L\u00f3pez asumir\u00e1 la responsabilidad de la Secretar\u00eda de Gobernaci\u00f3n y del Ayuntamiento, mientras que Noel Antelmo Ruiz Carrillo continuar\u00e1 en su cargo al frente de la Secretar\u00eda de Finanzas y Administraci\u00f3n.<\/p>\n<p>El alcalde destac\u00f3 que ambos funcionarios poseen la experiencia y capacidad necesarias para seguir entregando resultados favorables a la ciudadan\u00eda desde sus respectivas \u00e1reas a las que han sido designadas por votaci\u00f3n del Cabildo.<\/p>\n<p>&nbsp;<\/p>\n<p>#\ud835\ude47\ud835\ude5a\ud835\ude5c\ud835\ude56\ud835\ude59\ud835\ude64\ud835\ude4b\ud835\ude56\ud835\ude67\ud835\ude56\ud835\ude48\ud835\ude5e\ud835\ude42\ud835\ude5a\ud835\ude63\ud835\ude69\ud835\ude5a<\/p>\n","protected":false},"excerpt":{"rendered":"<p>#informativoelvalledeaguascalientes #novaradioaguascalientes #informativoelvalledeaguascalientesll &nbsp; &nbsp; \ud83d\ude4b\ud83c\udffb\u200d\u2642\ufe0f\ud83d\udd39 \ud835\uddd6\ud835\uddee\ud835\uddef\ud835\uddf6\ud835\uddf9\ud835\uddf1\ud835\uddfc \ud835\uddf1\ud835\uddf2 \ud835\uddd6\ud835\uddee\ud835\uddf9\ud835\ude03\ud835\uddf6\ud835\uddf9\ud835\uddf9\ud835\uddfc \ud835\uddee\ud835\uddfd\ud835\uddff\ud835\uddfc\ud835\uddef\ud835\udc28\u0301 \ud835\uddfd\ud835\uddfc\ud835\uddff \ud835\uddfa\ud835\uddee\ud835\ude06\ud835\uddfc\ud835\uddff\ud835\udc22\u0301\ud835\uddee \ud835\uddf9\ud835\uddee\ud835\ude00 \ud835\uddfd\ud835\uddff\ud835\uddfc\ud835\uddfd\ud835\ude02\ud835\uddf2\ud835\ude00\ud835\ude01\ud835\uddee\ud835\ude00 \ud835\uddf1\ud835\uddf2\ud835\uddf9 \ud835\uddfd\ud835\uddff\ud835\uddf2\ud835\ude00\ud835\uddf6\ud835\uddf1\ud835\uddf2\ud835\uddfb\ud835\ude01\ud835\uddf2 \ud835\uddfa\ud835\ude02\ud835\uddfb\ud835\uddf6\ud835\uddf0\ud835\uddf6\ud835\uddfd\ud835\uddee\ud835\uddf9, \ud835\uddd7\ud835\uddee\ud835\uddfb\ud835\uddf6\ud835\uddf2\ud835\uddf9 \ud835\udde5\ud835\uddfc\ud835\uddfa\ud835\uddfc \ud835\udde8\ud835\uddff\ud835\uddff\ud835\ude02\ud835\ude01\ud835\uddf6\ud835\uddee \ud835\uddfd\ud835\uddee\ud835\uddff\ud835\uddee \ud835\uddf2\ud835\uddfb\ud835\uddf0\ud835\uddee\ud835\uddef\ud835\uddf2\ud835\ude07\ud835\uddee\ud835\uddff \ud835\udde6\ud835\uddf2\ud835\uddf0\ud835\uddff\ud835\uddf2\ud835\ude01\ud835\uddee\ud835\uddff\ud835\udc22\u0301\ud835\uddee\ud835\ude00 \ud835\udde0\ud835\ude02\ud835\uddfb\ud835\uddf6\ud835\uddf0\ud835\uddf6\ud835\uddfd\ud835\uddee\ud835\uddf9\ud835\uddf2\ud835\ude00 &nbsp; En sesi\u00f3n extraordinaria de Cabildo del Municipio de Calvillo, las y los integrantes aprobaron por mayor\u00eda las propuestas presentadas por el presidente municipal, Daniel Romo Urrutia, para encabezar la Secretar\u00eda [&hellip;]<\/p>\n","protected":false},"author":13383,"featured_media":61865,"comment_status":"closed","ping_status":"open","sticky":false,"template":"","format":"standard","meta":{"advanced_seo_description":"","jetpack_seo_html_title":"","jetpack_seo_noindex":false,"_jetpack_memberships_contains_paid_content":false,"footnotes":"","jetpack_publicize_message":"","jetpack_publicize_feature_enabled":true,"jetpack_social_post_already_shared":true,"jetpack_social_options":{"image_generator_settings":{"template":"highway","default_image_id":0,"font":"","enabled":false},"version":2}},"categories":[21,13],"tags":[22,29],"class_list":["post-61864","post","type-post","status-publish","format-standard","has-post-thumbnail","hentry","category-aguascalientes","category-calvillo-aguascalientes","tag-aguascalientes","tag-calvillo-aguascalientes"],"jetpack_publicize_connections":[],"jetpack_featured_media_url":"https:\/\/i0.wp.com\/informativoelvalledeaguascalientes.online\/wp-content\/uploads\/2024\/10\/IMG-20241015-WA0067.jpg?fit=1600%2C1066&ssl=1","jetpack-related-posts":[],"jetpack_sharing_enabled":true,"jetpack_likes_enabled":true,"_links":{"self":[{"href":"https:\/\/informativoelvalledeaguascalientes.online\/index.php?rest_route=\/wp\/v2\/posts\/61864","targetHints":{"allow":["GET"]}}],"collection":[{"href":"https:\/\/informativoelvalledeaguascalientes.online\/index.php?rest_route=\/wp\/v2\/posts"}],"about":[{"href":"https:\/\/informativoelvalledeaguascalientes.online\/index.php?rest_route=\/wp\/v2\/types\/post"}],"author":[{"embeddable":true,"href":"https:\/\/informativoelvalledeaguascalientes.online\/index.php?rest_route=\/wp\/v2\/users\/13383"}],"replies":[{"embeddable":true,"href":"https:\/\/informativoelvalledeaguascalientes.online\/index.php?rest_route=%2Fwp%2Fv2%2Fcomments&post=61864"}],"version-history":[{"count":1,"href":"https:\/\/informativoelvalledeaguascalientes.online\/index.php?rest_route=\/wp\/v2\/posts\/61864\/revisions"}],"predecessor-version":[{"id":61866,"href":"https:\/\/informativoelvalledeaguascalientes.online\/index.php?rest_route=\/wp\/v2\/posts\/61864\/revisions\/61866"}],"wp:featuredmedia":[{"embeddable":true,"href":"https:\/\/informativoelvalledeaguascalientes.online\/index.php?rest_route=\/wp\/v2\/media\/61865"}],"wp:attachment":[{"href":"https:\/\/informativoelvalledeaguascalientes.online\/index.php?rest_route=%2Fwp%2Fv2%2Fmedia&parent=61864"}],"wp:term":[{"taxonomy":"category","embeddable":true,"href":"https:\/\/informativoelvalledeaguascalientes.online\/index.php?rest_route=%2Fwp%2Fv2%2Fcategories&post=61864"},{"taxonomy":"post_tag","embeddable":true,"href":"https:\/\/informativoelvalledeaguascalientes.online\/index.php?rest_route=%2Fwp%2Fv2%2Ftags&post=61864"}],"curies":[{"name":"wp","href":"https:\/\/api.w.org\/{rel}","templated":true}]}}