{"id":61726,"date":"2024-10-11T16:31:23","date_gmt":"2024-10-11T22:31:23","guid":{"rendered":"https:\/\/informativoelvalledeaguascalientes.online\/?p=61726"},"modified":"2024-10-13T16:33:09","modified_gmt":"2024-10-13T22:33:09","slug":"felicidades-a-nuestros-talentosos-ciclistas-adair-gutierrez-y-esteban-herrera-%f0%9f%87%b2%f0%9f%87%bd%f0%9f%8c%8d","status":"publish","type":"post","link":"https:\/\/informativoelvalledeaguascalientes.online\/?p=61726","title":{"rendered":"\u00a1Felicidades a nuestros talentosos ciclistas Adair Guti\u00e9rrez y Esteban Herrera! \ud83c\uddf2\ud83c\uddfd\ud83c\udf0d"},"content":{"rendered":"<p>#Informativoelvalledeaguascalientes #novaradioaguascalientes #informativoelvalledeaguascalientesll<\/p>\n<p>&nbsp;<\/p>\n<p>&nbsp;<\/p>\n<p>\ud83c\udf89\ud83d\udeb4 \u00a1Felicidades a nuestros talentosos ciclistas Adair Guti\u00e9rrez y Esteban Herrera! \ud83c\uddf2\ud83c\uddfd\ud83c\udf0d<\/p>\n<p>&nbsp;<\/p>\n<p>Su participaci\u00f3n en la Copa del Mundo UCI MTB 2024 en Mont Sainte Anne, Canad\u00e1, es motivo de orgullo para todos.<\/p>\n<p>&nbsp;<\/p>\n<p>Adair qud\u00f3 en el lugar 59, mientras que Esteban se posicion\u00f3 en el 70. Ambos demostraron dedicaci\u00f3n y esfuerzo en una competencia de alto nivel, representando a Aguascalientes y M\u00e9xico con valent\u00eda.<\/p>\n<p>&nbsp;<\/p>\n<p>\u00a1Sigan as\u00ed, sus logros inspiran a todos los amantes del ciclismo! \ud83d\udeb4\ud83d\udcaa<\/p>\n<p>&nbsp;<\/p>\n<p>#GigantesDelDeporte<\/p>\n<p>#ElGiganteDeM\u00e9xico<\/p>\n","protected":false},"excerpt":{"rendered":"<p>#Informativoelvalledeaguascalientes #novaradioaguascalientes #informativoelvalledeaguascalientesll &nbsp; &nbsp; \ud83c\udf89\ud83d\udeb4 \u00a1Felicidades a nuestros talentosos ciclistas Adair Guti\u00e9rrez y Esteban Herrera! \ud83c\uddf2\ud83c\uddfd\ud83c\udf0d &nbsp; Su participaci\u00f3n en la Copa del Mundo UCI MTB 2024 en Mont Sainte Anne, Canad\u00e1, es motivo de orgullo para todos. &nbsp; Adair qud\u00f3 en el lugar 59, mientras que Esteban se posicion\u00f3 en el 70. Ambos [&hellip;]<\/p>\n","protected":false},"author":13383,"featured_media":61727,"comment_status":"closed","ping_status":"open","sticky":false,"template":"","format":"standard","meta":{"advanced_seo_description":"","jetpack_seo_html_title":"","jetpack_seo_noindex":false,"_jetpack_memberships_contains_paid_content":false,"footnotes":"","jetpack_publicize_message":"","jetpack_publicize_feature_enabled":true,"jetpack_social_post_already_shared":true,"jetpack_social_options":{"image_generator_settings":{"template":"highway","default_image_id":0,"font":"","enabled":false},"version":2}},"categories":[21,19],"tags":[22,113],"class_list":["post-61726","post","type-post","status-publish","format-standard","has-post-thumbnail","hentry","category-aguascalientes","category-informacion-general","tag-aguascalientes","tag-idea"],"jetpack_publicize_connections":[],"jetpack_featured_media_url":"https:\/\/i0.wp.com\/informativoelvalledeaguascalientes.online\/wp-content\/uploads\/2024\/10\/IMG-20241011-WA0116.jpg?fit=1440%2C961&ssl=1","jetpack-related-posts":[],"jetpack_sharing_enabled":true,"jetpack_likes_enabled":true,"_links":{"self":[{"href":"https:\/\/informativoelvalledeaguascalientes.online\/index.php?rest_route=\/wp\/v2\/posts\/61726","targetHints":{"allow":["GET"]}}],"collection":[{"href":"https:\/\/informativoelvalledeaguascalientes.online\/index.php?rest_route=\/wp\/v2\/posts"}],"about":[{"href":"https:\/\/informativoelvalledeaguascalientes.online\/index.php?rest_route=\/wp\/v2\/types\/post"}],"author":[{"embeddable":true,"href":"https:\/\/informativoelvalledeaguascalientes.online\/index.php?rest_route=\/wp\/v2\/users\/13383"}],"replies":[{"embeddable":true,"href":"https:\/\/informativoelvalledeaguascalientes.online\/index.php?rest_route=%2Fwp%2Fv2%2Fcomments&post=61726"}],"version-history":[{"count":1,"href":"https:\/\/informativoelvalledeaguascalientes.online\/index.php?rest_route=\/wp\/v2\/posts\/61726\/revisions"}],"predecessor-version":[{"id":61728,"href":"https:\/\/informativoelvalledeaguascalientes.online\/index.php?rest_route=\/wp\/v2\/posts\/61726\/revisions\/61728"}],"wp:featuredmedia":[{"embeddable":true,"href":"https:\/\/informativoelvalledeaguascalientes.online\/index.php?rest_route=\/wp\/v2\/media\/61727"}],"wp:attachment":[{"href":"https:\/\/informativoelvalledeaguascalientes.online\/index.php?rest_route=%2Fwp%2Fv2%2Fmedia&parent=61726"}],"wp:term":[{"taxonomy":"category","embeddable":true,"href":"https:\/\/informativoelvalledeaguascalientes.online\/index.php?rest_route=%2Fwp%2Fv2%2Fcategories&post=61726"},{"taxonomy":"post_tag","embeddable":true,"href":"https:\/\/informativoelvalledeaguascalientes.online\/index.php?rest_route=%2Fwp%2Fv2%2Ftags&post=61726"}],"curies":[{"name":"wp","href":"https:\/\/api.w.org\/{rel}","templated":true}]}}