{"id":61363,"date":"2024-10-01T20:53:42","date_gmt":"2024-10-02T02:53:42","guid":{"rendered":"https:\/\/informativoelvalledeaguascalientes.online\/?p=61363"},"modified":"2024-10-03T09:55:20","modified_gmt":"2024-10-03T15:55:20","slug":"se-lleva-a-cabo-el-registro-de-planillas-que-buscan-la-dirigencia-del-partido-accion-nacional-en-aguascalientes","status":"publish","type":"post","link":"https:\/\/informativoelvalledeaguascalientes.online\/?p=61363","title":{"rendered":"SE LLEVA A CABO EL REGISTRO DE PLANILLAS QUE BUSCAN LA DIRIGENCIA DEL PARTIDO ACCI\u00d3N NACIONAL EN AGUASCALIENTES"},"content":{"rendered":"<p>#informativoelvalledeaguascalientes #novaradioaguascalientes #informativoelvalledeaguascalientesll<\/p>\n<p>&nbsp;<\/p>\n<p>&nbsp;<\/p>\n<p>&nbsp;<\/p>\n<p>Son tres planillas las que manifestaron el inter\u00e9s de competir.<\/p>\n<p>&nbsp;<\/p>\n<p>La Comisi\u00f3n Estatal de Procesos Electorales recibi\u00f3 la documentaci\u00f3n y determinar\u00e1 la viabilidad de cada una para dar inicio con las respectivas campa\u00f1as.<\/p>\n<p>&nbsp;<\/p>\n<p>&nbsp;<\/p>\n<p>Esta tarde han concluido los respectivos registros de las planillas que contender\u00e1n por la dirigencia del Comit\u00e9 Directivo Estatal del Partido Acci\u00f3n Nacional en Aguascalientes para el periodo 2024-2027<\/p>\n<p>Las tres planillas que se han registrado oficialmente est\u00e1n encabezadas por:<\/p>\n<p>Myrna Fabiola Valdivia como candidata a la Presidencia y Rodolfo Esquivel Ca\u00f1edo como candidato a la Secretar\u00eda General.<\/p>\n<p>Dulce Andrade Lovera como candidata a la Presidencia y Karla Paola \u00c1vila Renter\u00eda como candidata a la Secretar\u00eda General.<\/p>\n<p>Javier Lu\u00e9vano N\u00fa\u00f1ez y Paloma Am\u00e9zquita como candidatos a la Presidencia y Secretar\u00eda General, respectivamente, quienes buscan la reelecci\u00f3n, toda vez que han solicitado la respectiva licencia para sumarse al proceso.<\/p>\n<p>La Comisi\u00f3n Estatal de Procesos Electorales ser\u00e1 la encargada de validar la documentaci\u00f3n presentada por cada planilla y verificar que cumplan con los requisitos establecidos en la convocatoria.<\/p>\n<p>Posteriormente, las campa\u00f1as internas dar\u00e1n inicio el pr\u00f3ximo 11 de octubre, donde las f\u00f3rmulas inscritas podr\u00e1n presentar sus propuestas a la militancia.<\/p>\n<p>La jornada electoral interna se llevar\u00e1 a cabo el d\u00eda 10 de noviembre en los centros de votaci\u00f3n designados, donde las y los militantes tendr\u00e1n la oportunidad de manifestar su voto y decidir el futuro de la dirigencia estatal del partido.<\/p>\n<p>El PAN Aguascalientes reafirma su compromiso con la democracia interna y con los procesos de participaci\u00f3n activa de su militancia, confiando en que este ejercicio fortalecer\u00e1 los ideales y principios que nos distinguen como partido.<\/p>\n","protected":false},"excerpt":{"rendered":"<p>#informativoelvalledeaguascalientes #novaradioaguascalientes #informativoelvalledeaguascalientesll &nbsp; &nbsp; &nbsp; Son tres planillas las que manifestaron el inter\u00e9s de competir. &nbsp; La Comisi\u00f3n Estatal de Procesos Electorales recibi\u00f3 la documentaci\u00f3n y determinar\u00e1 la viabilidad de cada una para dar inicio con las respectivas campa\u00f1as. &nbsp; &nbsp; Esta tarde han concluido los respectivos registros de las planillas que contender\u00e1n por [&hellip;]<\/p>\n","protected":false},"author":13383,"featured_media":61365,"comment_status":"closed","ping_status":"open","sticky":false,"template":"","format":"standard","meta":{"advanced_seo_description":"","jetpack_seo_html_title":"","jetpack_seo_noindex":false,"_jetpack_memberships_contains_paid_content":false,"footnotes":"","jetpack_publicize_message":"","jetpack_publicize_feature_enabled":true,"jetpack_social_post_already_shared":true,"jetpack_social_options":{"image_generator_settings":{"template":"highway","default_image_id":0,"font":"","enabled":false},"version":2}},"categories":[21,7],"tags":[22,23],"class_list":["post-61363","post","type-post","status-publish","format-standard","has-post-thumbnail","hentry","category-aguascalientes","category-pan-aguascalientes","tag-aguascalientes","tag-pan-aguascalientes"],"jetpack_publicize_connections":[],"jetpack_featured_media_url":"https:\/\/i0.wp.com\/informativoelvalledeaguascalientes.online\/wp-content\/uploads\/2024\/10\/IMG-20241001-WA0168.jpg?fit=1280%2C852&ssl=1","jetpack-related-posts":[],"jetpack_sharing_enabled":true,"jetpack_likes_enabled":true,"_links":{"self":[{"href":"https:\/\/informativoelvalledeaguascalientes.online\/index.php?rest_route=\/wp\/v2\/posts\/61363","targetHints":{"allow":["GET"]}}],"collection":[{"href":"https:\/\/informativoelvalledeaguascalientes.online\/index.php?rest_route=\/wp\/v2\/posts"}],"about":[{"href":"https:\/\/informativoelvalledeaguascalientes.online\/index.php?rest_route=\/wp\/v2\/types\/post"}],"author":[{"embeddable":true,"href":"https:\/\/informativoelvalledeaguascalientes.online\/index.php?rest_route=\/wp\/v2\/users\/13383"}],"replies":[{"embeddable":true,"href":"https:\/\/informativoelvalledeaguascalientes.online\/index.php?rest_route=%2Fwp%2Fv2%2Fcomments&post=61363"}],"version-history":[{"count":2,"href":"https:\/\/informativoelvalledeaguascalientes.online\/index.php?rest_route=\/wp\/v2\/posts\/61363\/revisions"}],"predecessor-version":[{"id":61366,"href":"https:\/\/informativoelvalledeaguascalientes.online\/index.php?rest_route=\/wp\/v2\/posts\/61363\/revisions\/61366"}],"wp:featuredmedia":[{"embeddable":true,"href":"https:\/\/informativoelvalledeaguascalientes.online\/index.php?rest_route=\/wp\/v2\/media\/61365"}],"wp:attachment":[{"href":"https:\/\/informativoelvalledeaguascalientes.online\/index.php?rest_route=%2Fwp%2Fv2%2Fmedia&parent=61363"}],"wp:term":[{"taxonomy":"category","embeddable":true,"href":"https:\/\/informativoelvalledeaguascalientes.online\/index.php?rest_route=%2Fwp%2Fv2%2Fcategories&post=61363"},{"taxonomy":"post_tag","embeddable":true,"href":"https:\/\/informativoelvalledeaguascalientes.online\/index.php?rest_route=%2Fwp%2Fv2%2Ftags&post=61363"}],"curies":[{"name":"wp","href":"https:\/\/api.w.org\/{rel}","templated":true}]}}