{"id":61294,"date":"2024-09-30T13:36:21","date_gmt":"2024-09-30T19:36:21","guid":{"rendered":"https:\/\/informativoelvalledeaguascalientes.online\/?p=61294"},"modified":"2024-10-01T19:38:14","modified_gmt":"2024-10-02T01:38:14","slug":"continuan-las-presentaciones-editoriales-en-la-56-feria-del-libro","status":"publish","type":"post","link":"https:\/\/informativoelvalledeaguascalientes.online\/?p=61294","title":{"rendered":"CONTIN\u00daAN LAS PRESENTACIONES EDITORIALES EN LA 56 FERIA DEL LIBRO\u00a0"},"content":{"rendered":"<p>#informativoelvalledeaguascalientes #novaradioaguascalientes #informativoelvalledeaguascalientesll<\/p>\n<p>&nbsp;<\/p>\n<p>&nbsp;<\/p>\n<p>En el primer patio de la Casa de la Cultura V\u00edctor Sandoval, se llev\u00f3 a cabo la presentaci\u00f3n editorial del libro &#8220;El lugar de la herida&#8221;, de Laura Baeza, narradora y editora originaria de Campeche.<\/p>\n<p>&nbsp;<\/p>\n<p>Laura Baeza y Mim\u00ed Mart\u00ednez presentaron la novela que aborda temas como el deseo, la amistad, la ternura, la violencia y la libertad humana. Dos mujeres, Lucero y Dolores, se conectan mediante una historia compleja de un grupo de adolescentes cautivas en una casona, en los m\u00e1rgenes de la ciudad.<\/p>\n<p>&nbsp;<\/p>\n<p>En esta novela, se realiza un tratamiento limpio, es decir, no hay escenas grotescas o descuidadas, todo es sugestivo; \u201cno hay revictimizaci\u00f3n, no hay manera de juzgar a nadie\u201d, comenta la presentadora Mim\u00ed Mart\u00ednez.<\/p>\n<p>&nbsp;<\/p>\n<p>La autora expres\u00f3 su deseo de que esta novela llegue a un p\u00fablico joven y adolescente: \u201cMe encantar\u00eda que la lean las personas j\u00f3venes, para quienes la escrib\u00ed; no la escrib\u00ed para m\u00ed, la escrib\u00ed para mi yo de 15 a\u00f1os. Desde nuestra adultez ego\u00edsta a veces creemos tener la \u00faltima palabra en todo, pero tambi\u00e9n debemos voltear a ver y escuchar a los j\u00f3venes\u201d.<\/p>\n<p>&nbsp;<\/p>\n<p>El Instituto Cultural de Aguascalientes invita al p\u00fablico a asistir a las presentaciones que se llevar\u00e1n a cabo durante esta feria. El programa general puede consultarse en www.viveica.gob.mx.<\/p>\n","protected":false},"excerpt":{"rendered":"<p>#informativoelvalledeaguascalientes #novaradioaguascalientes #informativoelvalledeaguascalientesll &nbsp; &nbsp; En el primer patio de la Casa de la Cultura V\u00edctor Sandoval, se llev\u00f3 a cabo la presentaci\u00f3n editorial del libro &#8220;El lugar de la herida&#8221;, de Laura Baeza, narradora y editora originaria de Campeche. &nbsp; Laura Baeza y Mim\u00ed Mart\u00ednez presentaron la novela que aborda temas como el deseo, [&hellip;]<\/p>\n","protected":false},"author":13383,"featured_media":61295,"comment_status":"closed","ping_status":"open","sticky":false,"template":"","format":"standard","meta":{"advanced_seo_description":"","jetpack_seo_html_title":"","jetpack_seo_noindex":false,"_jetpack_memberships_contains_paid_content":false,"footnotes":"","jetpack_publicize_message":"","jetpack_publicize_feature_enabled":true,"jetpack_social_post_already_shared":true,"jetpack_social_options":{"image_generator_settings":{"template":"highway","default_image_id":0,"font":"","enabled":false},"version":2}},"categories":[21,4],"tags":[22,873,52],"class_list":["post-61294","post","type-post","status-publish","format-standard","has-post-thumbnail","hentry","category-aguascalientes","category-gobierno-del-estado-aguascalientes","tag-aguascalientes","tag-feria-del-libro","tag-ica"],"jetpack_publicize_connections":[],"jetpack_featured_media_url":"https:\/\/i0.wp.com\/informativoelvalledeaguascalientes.online\/wp-content\/uploads\/2024\/10\/IMG-20240930-WA0072.jpg?fit=720%2C546&ssl=1","jetpack-related-posts":[],"jetpack_sharing_enabled":true,"jetpack_likes_enabled":true,"_links":{"self":[{"href":"https:\/\/informativoelvalledeaguascalientes.online\/index.php?rest_route=\/wp\/v2\/posts\/61294","targetHints":{"allow":["GET"]}}],"collection":[{"href":"https:\/\/informativoelvalledeaguascalientes.online\/index.php?rest_route=\/wp\/v2\/posts"}],"about":[{"href":"https:\/\/informativoelvalledeaguascalientes.online\/index.php?rest_route=\/wp\/v2\/types\/post"}],"author":[{"embeddable":true,"href":"https:\/\/informativoelvalledeaguascalientes.online\/index.php?rest_route=\/wp\/v2\/users\/13383"}],"replies":[{"embeddable":true,"href":"https:\/\/informativoelvalledeaguascalientes.online\/index.php?rest_route=%2Fwp%2Fv2%2Fcomments&post=61294"}],"version-history":[{"count":1,"href":"https:\/\/informativoelvalledeaguascalientes.online\/index.php?rest_route=\/wp\/v2\/posts\/61294\/revisions"}],"predecessor-version":[{"id":61296,"href":"https:\/\/informativoelvalledeaguascalientes.online\/index.php?rest_route=\/wp\/v2\/posts\/61294\/revisions\/61296"}],"wp:featuredmedia":[{"embeddable":true,"href":"https:\/\/informativoelvalledeaguascalientes.online\/index.php?rest_route=\/wp\/v2\/media\/61295"}],"wp:attachment":[{"href":"https:\/\/informativoelvalledeaguascalientes.online\/index.php?rest_route=%2Fwp%2Fv2%2Fmedia&parent=61294"}],"wp:term":[{"taxonomy":"category","embeddable":true,"href":"https:\/\/informativoelvalledeaguascalientes.online\/index.php?rest_route=%2Fwp%2Fv2%2Fcategories&post=61294"},{"taxonomy":"post_tag","embeddable":true,"href":"https:\/\/informativoelvalledeaguascalientes.online\/index.php?rest_route=%2Fwp%2Fv2%2Ftags&post=61294"}],"curies":[{"name":"wp","href":"https:\/\/api.w.org\/{rel}","templated":true}]}}