{"id":61267,"date":"2024-09-30T16:07:35","date_gmt":"2024-09-30T22:07:35","guid":{"rendered":"https:\/\/informativoelvalledeaguascalientes.online\/?p=61267"},"modified":"2024-10-01T00:10:09","modified_gmt":"2024-10-01T06:10:09","slug":"encabeza-tono-arambula-los-ultimos-honores-a-la-bandera-de-su-administracion","status":"publish","type":"post","link":"https:\/\/informativoelvalledeaguascalientes.online\/?p=61267","title":{"rendered":"ENCABEZA TO\u00d1O AR\u00c1MBULA LOS \u00daLTIMOS HONORES A LA BANDERA DE SU ADMINISTRACI\u00d3N\u00a0"},"content":{"rendered":"<p>#informativoelvalledeaguascalientes #novaradioaguascalientes #informativoelvalledeaguascalientesll<\/p>\n<p>&nbsp;<\/p>\n<p>Este lunes, se llev\u00f3 a cabo la \u00faltima ceremonia c\u00edvica de Honores a la Bandera, presidida por el alcalde de Jes\u00fas Mar\u00eda, Antonio Ar\u00e1mbula L\u00f3pez, quien agradeci\u00f3 a los presentes su participaci\u00f3n y asistencia cada semana a este acto que promueve los valores patrios y la cercan\u00eda con los jesusmarienses.<\/p>\n<p>Durante la ceremonia, integrantes de la Uni\u00f3n de Motociclistas de Aguascalientes agradecieron el apoyo del Gobierno Municipal encabezado por To\u00f1o Ar\u00e1mbula \u201cYa hemos adoptado a Jes\u00fas Mar\u00eda como un municipio biker y que siempre nos ha apoyado\u201d mencionaron.<\/p>\n<p>Durante la ceremonia que se lleva a cabo en la Plaza Principal, estuvieron presentes los funcionarios y servidores p\u00fablicos de todas las \u00e1reas, as\u00ed como la ciudadan\u00eda en general que como cada lunes acude y tiene comunicaci\u00f3n directa tanto con el presidente municipal como con los miembros del gabinete que atienden sus dudas e inquietudes.<\/p>\n","protected":false},"excerpt":{"rendered":"<p>#informativoelvalledeaguascalientes #novaradioaguascalientes #informativoelvalledeaguascalientesll &nbsp; Este lunes, se llev\u00f3 a cabo la \u00faltima ceremonia c\u00edvica de Honores a la Bandera, presidida por el alcalde de Jes\u00fas Mar\u00eda, Antonio Ar\u00e1mbula L\u00f3pez, quien agradeci\u00f3 a los presentes su participaci\u00f3n y asistencia cada semana a este acto que promueve los valores patrios y la cercan\u00eda con los jesusmarienses. Durante [&hellip;]<\/p>\n","protected":false},"author":13383,"featured_media":61268,"comment_status":"closed","ping_status":"open","sticky":false,"template":"","format":"standard","meta":{"advanced_seo_description":"","jetpack_seo_html_title":"","jetpack_seo_noindex":false,"_jetpack_memberships_contains_paid_content":false,"footnotes":"","jetpack_publicize_message":"","jetpack_publicize_feature_enabled":true,"jetpack_social_post_already_shared":true,"jetpack_social_options":{"image_generator_settings":{"template":"highway","default_image_id":0,"font":"","enabled":false},"version":2}},"categories":[21,14],"tags":[22,45],"class_list":["post-61267","post","type-post","status-publish","format-standard","has-post-thumbnail","hentry","category-aguascalientes","category-jesus-maria-aguascalientes","tag-aguascalientes","tag-jesus-maria-aguascalientes"],"jetpack_publicize_connections":[],"jetpack_featured_media_url":"https:\/\/i0.wp.com\/informativoelvalledeaguascalientes.online\/wp-content\/uploads\/2024\/10\/IMG-20240930-WA0086.jpg?fit=2560%2C1706&ssl=1","jetpack-related-posts":[],"jetpack_sharing_enabled":true,"jetpack_likes_enabled":true,"_links":{"self":[{"href":"https:\/\/informativoelvalledeaguascalientes.online\/index.php?rest_route=\/wp\/v2\/posts\/61267","targetHints":{"allow":["GET"]}}],"collection":[{"href":"https:\/\/informativoelvalledeaguascalientes.online\/index.php?rest_route=\/wp\/v2\/posts"}],"about":[{"href":"https:\/\/informativoelvalledeaguascalientes.online\/index.php?rest_route=\/wp\/v2\/types\/post"}],"author":[{"embeddable":true,"href":"https:\/\/informativoelvalledeaguascalientes.online\/index.php?rest_route=\/wp\/v2\/users\/13383"}],"replies":[{"embeddable":true,"href":"https:\/\/informativoelvalledeaguascalientes.online\/index.php?rest_route=%2Fwp%2Fv2%2Fcomments&post=61267"}],"version-history":[{"count":1,"href":"https:\/\/informativoelvalledeaguascalientes.online\/index.php?rest_route=\/wp\/v2\/posts\/61267\/revisions"}],"predecessor-version":[{"id":61269,"href":"https:\/\/informativoelvalledeaguascalientes.online\/index.php?rest_route=\/wp\/v2\/posts\/61267\/revisions\/61269"}],"wp:featuredmedia":[{"embeddable":true,"href":"https:\/\/informativoelvalledeaguascalientes.online\/index.php?rest_route=\/wp\/v2\/media\/61268"}],"wp:attachment":[{"href":"https:\/\/informativoelvalledeaguascalientes.online\/index.php?rest_route=%2Fwp%2Fv2%2Fmedia&parent=61267"}],"wp:term":[{"taxonomy":"category","embeddable":true,"href":"https:\/\/informativoelvalledeaguascalientes.online\/index.php?rest_route=%2Fwp%2Fv2%2Fcategories&post=61267"},{"taxonomy":"post_tag","embeddable":true,"href":"https:\/\/informativoelvalledeaguascalientes.online\/index.php?rest_route=%2Fwp%2Fv2%2Ftags&post=61267"}],"curies":[{"name":"wp","href":"https:\/\/api.w.org\/{rel}","templated":true}]}}