{"id":61252,"date":"2024-09-30T22:15:46","date_gmt":"2024-10-01T04:15:46","guid":{"rendered":"https:\/\/informativoelvalledeaguascalientes.online\/?p=61252"},"modified":"2024-09-30T23:43:21","modified_gmt":"2024-10-01T05:43:21","slug":"presentan-licencia-para-contender-por-la-reeleccion-presidente-y-secretaria-general-del-cde-pan-en-aguascalientes","status":"publish","type":"post","link":"https:\/\/informativoelvalledeaguascalientes.online\/?p=61252","title":{"rendered":"PRESENTAN LICENCIA PARA  CONTENDER POR LA REELECCI\u00d3N PRESIDENTE Y SECRETARIA GENERAL DEL CDE PAN EN AGUASCALIENTES"},"content":{"rendered":"<p>#informativoelvalledeaguascalientes #novaradioaguascalientes #informativoelvalledeaguascalientesll<\/p>\n<p>&nbsp;<\/p>\n<p>&nbsp;<\/p>\n<p>&nbsp;<\/p>\n<p>Este paso es parte del compromiso con nuestra militancia, que permita seguir impulsando proyectos que promuevan el bienestar de todos: JLN<\/p>\n<p>Hemos trabajado de la mano con la comunidad, con las familias y con cada sector. Queremos dar continuidad y fortalecer nuevos proyectos.<\/p>\n<p>El presidente del Comit\u00e9 Directivo Estatal del PAN en Aguascalientes Javier Lu\u00e9vano N\u00fa\u00f1ez y la secretaria general Paloma Am\u00e9zquita han decidido solicitar licencia para separarse de sus respectivos cargos Esta decisi\u00f3n responde a su intenci\u00f3n de contender por la reelecci\u00f3n en el periodo 2024-2027.<\/p>\n<p>Ambos l\u00edderes han desempe\u00f1ado un papel fundamental en el fortalecimiento y crecimiento del PAN en la entidad, promoviendo pol\u00edticas que benefician a la ciudadan\u00eda y fomentando un ambiente de participaci\u00f3n y unidad en el partido.<\/p>\n<p>Javier Lu\u00e9vano N\u00fa\u00f1ez destac\u00f3: &#8220;Es un honor haber liderado a este gran equipo y estamos comprometidos a seguir trabajando por Aguascalientes. Buscamos la reelecci\u00f3n con el objetivo de continuar impulsando la unidad y la fortaleza con la participaci\u00f3n de nuestra militancia y quienes simpatizan con Acci\u00f3n Nacional.&#8221;<\/p>\n<p>&#8220;Este paso es parte de un compromiso con nuestra militancia y con los ciudadanos. La reelecci\u00f3n nos permitir\u00e1 seguir impulsando proyectos que transformen nuestra sociedad y promuevan el bienestar de todos\u201d, puntualiz\u00f3 Lu\u00e9vano N\u00fa\u00f1ez.<\/p>\n<p>Paloma Am\u00e9zquita, por su parte, subray\u00f3 que &#8220;A lo largo de esta gesti\u00f3n, hemos escuchado y trabajado de la mano con la comunidad, con las familias y cada sector de Aguascalientes y sus municipios. Esta cercan\u00eda nos ha permitido identificar las necesidades y expectativas de la gente, y es por ello que queremos dar continuidad y estructurar nuevas ideas para futuros proyectos en el pr\u00f3ximo periodo.&#8221;<\/p>\n<p>Ambos l\u00edderes expresan su agradecimiento a la militancia y a la ciudadan\u00eda por su apoyo y confianza, y reiteran su compromiso de seguir trabajando por un Aguascalientes mejor.<\/p>\n","protected":false},"excerpt":{"rendered":"<p>#informativoelvalledeaguascalientes #novaradioaguascalientes #informativoelvalledeaguascalientesll &nbsp; &nbsp; &nbsp; Este paso es parte del compromiso con nuestra militancia, que permita seguir impulsando proyectos que promuevan el bienestar de todos: JLN Hemos trabajado de la mano con la comunidad, con las familias y con cada sector. Queremos dar continuidad y fortalecer nuevos proyectos. El presidente del Comit\u00e9 Directivo Estatal [&hellip;]<\/p>\n","protected":false},"author":13383,"featured_media":61254,"comment_status":"closed","ping_status":"open","sticky":false,"template":"","format":"standard","meta":{"advanced_seo_description":"","jetpack_seo_html_title":"","jetpack_seo_noindex":false,"_jetpack_memberships_contains_paid_content":false,"footnotes":"","jetpack_publicize_message":"","jetpack_publicize_feature_enabled":true,"jetpack_social_post_already_shared":true,"jetpack_social_options":{"image_generator_settings":{"template":"highway","default_image_id":0,"font":"","enabled":false},"version":2}},"categories":[21,7],"tags":[22,615,23],"class_list":["post-61252","post","type-post","status-publish","format-standard","has-post-thumbnail","hentry","category-aguascalientes","category-pan-aguascalientes","tag-aguascalientes","tag-gobierno-del-estado-de-aguascalientes","tag-pan-aguascalientes"],"jetpack_publicize_connections":[],"jetpack_featured_media_url":"https:\/\/i0.wp.com\/informativoelvalledeaguascalientes.online\/wp-content\/uploads\/2024\/09\/IMG-20240930-WA0120.jpg?fit=853%2C853&ssl=1","jetpack-related-posts":[],"jetpack_sharing_enabled":true,"jetpack_likes_enabled":true,"_links":{"self":[{"href":"https:\/\/informativoelvalledeaguascalientes.online\/index.php?rest_route=\/wp\/v2\/posts\/61252","targetHints":{"allow":["GET"]}}],"collection":[{"href":"https:\/\/informativoelvalledeaguascalientes.online\/index.php?rest_route=\/wp\/v2\/posts"}],"about":[{"href":"https:\/\/informativoelvalledeaguascalientes.online\/index.php?rest_route=\/wp\/v2\/types\/post"}],"author":[{"embeddable":true,"href":"https:\/\/informativoelvalledeaguascalientes.online\/index.php?rest_route=\/wp\/v2\/users\/13383"}],"replies":[{"embeddable":true,"href":"https:\/\/informativoelvalledeaguascalientes.online\/index.php?rest_route=%2Fwp%2Fv2%2Fcomments&post=61252"}],"version-history":[{"count":2,"href":"https:\/\/informativoelvalledeaguascalientes.online\/index.php?rest_route=\/wp\/v2\/posts\/61252\/revisions"}],"predecessor-version":[{"id":61255,"href":"https:\/\/informativoelvalledeaguascalientes.online\/index.php?rest_route=\/wp\/v2\/posts\/61252\/revisions\/61255"}],"wp:featuredmedia":[{"embeddable":true,"href":"https:\/\/informativoelvalledeaguascalientes.online\/index.php?rest_route=\/wp\/v2\/media\/61254"}],"wp:attachment":[{"href":"https:\/\/informativoelvalledeaguascalientes.online\/index.php?rest_route=%2Fwp%2Fv2%2Fmedia&parent=61252"}],"wp:term":[{"taxonomy":"category","embeddable":true,"href":"https:\/\/informativoelvalledeaguascalientes.online\/index.php?rest_route=%2Fwp%2Fv2%2Fcategories&post=61252"},{"taxonomy":"post_tag","embeddable":true,"href":"https:\/\/informativoelvalledeaguascalientes.online\/index.php?rest_route=%2Fwp%2Fv2%2Ftags&post=61252"}],"curies":[{"name":"wp","href":"https:\/\/api.w.org\/{rel}","templated":true}]}}