{"id":61247,"date":"2024-09-30T20:39:06","date_gmt":"2024-10-01T02:39:06","guid":{"rendered":"https:\/\/informativoelvalledeaguascalientes.online\/?p=61247"},"modified":"2024-09-30T23:40:55","modified_gmt":"2024-10-01T05:40:55","slug":"participa-juan-pablo-diosdado-en-reunion-virtual-con-la-auditoria-superior-de-la-federacion","status":"publish","type":"post","link":"https:\/\/informativoelvalledeaguascalientes.online\/?p=61247","title":{"rendered":"Participa Juan Pablo Diosdado en reuni\u00f3n virtual con la Auditor\u00eda Superior de la Federaci\u00f3n."},"content":{"rendered":"<p>#informativoelvalledeaguascalientes #novaradioaguascalientes #informativoelvalledeaguascalientesll<\/p>\n<p>&nbsp;<\/p>\n<p>&nbsp;<\/p>\n<p>El Contralor del Estado, Juan Pablo Diosdado participa en la reuni\u00f3n de trabajo virtual con autoridades de la Auditor\u00eda Superior de la Federaci\u00f3n.\ud83d\udcbb\ud83e\udd1d<\/p>\n<p>&nbsp;<\/p>\n<p>#AguascalientesGIGANTE<\/p>\n<p>#2doInforme<\/p>\n<p>#TereJim\u00e9nez<\/p>\n<p>#ElGiganteDeM\u00e9xico<\/p>\n","protected":false},"excerpt":{"rendered":"<p>#informativoelvalledeaguascalientes #novaradioaguascalientes #informativoelvalledeaguascalientesll &nbsp; &nbsp; El Contralor del Estado, Juan Pablo Diosdado participa en la reuni\u00f3n de trabajo virtual con autoridades de la Auditor\u00eda Superior de la Federaci\u00f3n.\ud83d\udcbb\ud83e\udd1d &nbsp; #AguascalientesGIGANTE #2doInforme #TereJim\u00e9nez #ElGiganteDeM\u00e9xico<\/p>\n","protected":false},"author":13383,"featured_media":61250,"comment_status":"closed","ping_status":"open","sticky":false,"template":"","format":"standard","meta":{"advanced_seo_description":"","jetpack_seo_html_title":"","jetpack_seo_noindex":false,"_jetpack_memberships_contains_paid_content":false,"footnotes":"","jetpack_publicize_message":"","jetpack_publicize_feature_enabled":true,"jetpack_social_post_already_shared":true,"jetpack_social_options":{"image_generator_settings":{"template":"highway","default_image_id":0,"font":"","enabled":false},"version":2}},"categories":[21,4],"tags":[22,615],"class_list":["post-61247","post","type-post","status-publish","format-standard","has-post-thumbnail","hentry","category-aguascalientes","category-gobierno-del-estado-aguascalientes","tag-aguascalientes","tag-gobierno-del-estado-de-aguascalientes"],"jetpack_publicize_connections":[],"jetpack_featured_media_url":"https:\/\/i0.wp.com\/informativoelvalledeaguascalientes.online\/wp-content\/uploads\/2024\/09\/IMG-20240930-WA0117.jpg?fit=720%2C404&ssl=1","jetpack-related-posts":[],"jetpack_sharing_enabled":true,"jetpack_likes_enabled":true,"_links":{"self":[{"href":"https:\/\/informativoelvalledeaguascalientes.online\/index.php?rest_route=\/wp\/v2\/posts\/61247","targetHints":{"allow":["GET"]}}],"collection":[{"href":"https:\/\/informativoelvalledeaguascalientes.online\/index.php?rest_route=\/wp\/v2\/posts"}],"about":[{"href":"https:\/\/informativoelvalledeaguascalientes.online\/index.php?rest_route=\/wp\/v2\/types\/post"}],"author":[{"embeddable":true,"href":"https:\/\/informativoelvalledeaguascalientes.online\/index.php?rest_route=\/wp\/v2\/users\/13383"}],"replies":[{"embeddable":true,"href":"https:\/\/informativoelvalledeaguascalientes.online\/index.php?rest_route=%2Fwp%2Fv2%2Fcomments&post=61247"}],"version-history":[{"count":1,"href":"https:\/\/informativoelvalledeaguascalientes.online\/index.php?rest_route=\/wp\/v2\/posts\/61247\/revisions"}],"predecessor-version":[{"id":61251,"href":"https:\/\/informativoelvalledeaguascalientes.online\/index.php?rest_route=\/wp\/v2\/posts\/61247\/revisions\/61251"}],"wp:featuredmedia":[{"embeddable":true,"href":"https:\/\/informativoelvalledeaguascalientes.online\/index.php?rest_route=\/wp\/v2\/media\/61250"}],"wp:attachment":[{"href":"https:\/\/informativoelvalledeaguascalientes.online\/index.php?rest_route=%2Fwp%2Fv2%2Fmedia&parent=61247"}],"wp:term":[{"taxonomy":"category","embeddable":true,"href":"https:\/\/informativoelvalledeaguascalientes.online\/index.php?rest_route=%2Fwp%2Fv2%2Fcategories&post=61247"},{"taxonomy":"post_tag","embeddable":true,"href":"https:\/\/informativoelvalledeaguascalientes.online\/index.php?rest_route=%2Fwp%2Fv2%2Ftags&post=61247"}],"curies":[{"name":"wp","href":"https:\/\/api.w.org\/{rel}","templated":true}]}}