{"id":61219,"date":"2024-09-30T11:13:24","date_gmt":"2024-09-30T17:13:24","guid":{"rendered":"https:\/\/informativoelvalledeaguascalientes.online\/?p=61219"},"modified":"2024-09-30T23:16:27","modified_gmt":"2024-10-01T05:16:27","slug":"tere-jimenez-entrega-obras-en-el-jardin-de-ninos-saturnino-herran-en-san-miguelito-jesus-maria","status":"publish","type":"post","link":"https:\/\/informativoelvalledeaguascalientes.online\/?p=61219","title":{"rendered":"TERE JIM\u00c9NEZ ENTREGA OBRAS EN EL JARD\u00cdN DE NI\u00d1OS SATURNINO HERR\u00c1N EN SAN MIGUELITO, JES\u00daS MAR\u00cdA"},"content":{"rendered":"<p>#informativoelvalledeaguascalientes #novaradioaguascalientes #informativoelvalledeaguascalientesll<\/p>\n<p>&nbsp;<\/p>\n<p>&nbsp;<\/p>\n<p>&nbsp;<\/p>\n<p>Se entreg\u00f3 una nueva aula did\u00e1ctica y una oficina de direcci\u00f3n, servicios sanitarios, instalaci\u00f3n de malla sombra y otras obras de mejora en la infraestructura escolar<\/p>\n<p>&nbsp;<\/p>\n<p>164 alumnos se ver\u00e1n beneficiados<\/p>\n<p>&nbsp;<\/p>\n<p>Gobernadora, usted no solo cambi\u00f3 una escuela, sino toda una comunidad; sin embargo, usted, con su apoyo, nos dio el mensaje de que todas y todos tienen derecho a tener una escuela bonita y equipada: Bustillos Valencia<\/p>\n<p>&nbsp;<\/p>\n<p>&nbsp;<\/p>\n<p>Con el objetivo de que m\u00e1s ni\u00f1as y ni\u00f1os tengan espacios adecuados y de calidad para estudiar, la gobernadora de Aguascalientes, Tere Jim\u00e9nez, entreg\u00f3 nuevas obras de infraestructura en el Jard\u00edn de Ni\u00f1os Saturnino Herr\u00e1n, en San Miguelito, Jes\u00fas Mar\u00eda, y que beneficiar\u00e1 a 164 alumnos.<\/p>\n<p>&nbsp;<\/p>\n<p>&nbsp;<\/p>\n<p>Durante la visita al plantel, Tere Jim\u00e9nez destac\u00f3 que, en los \u00faltimos dos a\u00f1os, se ha realizado una inversi\u00f3n sin precedentes en materia educativa, enfocada en la creaci\u00f3n de nuevos espacios y mejorar las instalaciones escolares.<\/p>\n<p>&nbsp;<\/p>\n<p>&nbsp;<\/p>\n<p>\u201cVamos a seguir trabajando muy fuerte para que las ni\u00f1as y los ni\u00f1os sigan adelante, porque los queremos mucho; vamos a trabajar muy fuerte por ustedes, seguiremos aportando a la educaci\u00f3n, pues es la herencia m\u00e1s grande, cuenten conmigo y estaremos aqu\u00ed en Jes\u00fas Mar\u00eda\u201d, les dijo la gobernadora.<\/p>\n<p>&nbsp;<\/p>\n<p>&nbsp;<\/p>\n<p>J. Jes\u00fas Lara Ram\u00edrez, director general del Instituto de Infraestructura F\u00edsica Educativa, detall\u00f3 que en el Jard\u00edn de Ni\u00f1os Saturnino Herr\u00e1n, se entreg\u00f3 una nueva aula did\u00e1ctica y una nueva direcci\u00f3n. Tambi\u00e9n se llevaron a cabo trabajos en sanitarios, la instalaci\u00f3n de malla sombra en \u00e1reas recreativas y otras obras de mejora.<\/p>\n<p>&nbsp;<\/p>\n<p>&nbsp;<\/p>\n<p>Elena del Carmen Bustillos Valencia, directora del plantel, dio la bienvenida a las autoridades al jard\u00edn de ni\u00f1os y agradeci\u00f3 a la gobernadora por las obras.<\/p>\n<p>&nbsp;<\/p>\n<p>&nbsp;<\/p>\n<p>\u201cGobernadora, usted no solo cambi\u00f3 una escuela, sino toda una comunidad, ya que anteriormente se pensaba que por ser escuela de comunidad no tendr\u00edamos un recurso; sin embargo, usted, con su apoyo, nos dio el mensaje de que todas y todos tienen derecho a tener una escuela bonita y equipada\u201d, mencion\u00f3 la directora.<\/p>\n<p>&nbsp;<\/p>\n<p>&nbsp;<\/p>\n<p>Antonio Ar\u00e1mbula L\u00f3pez, presidente municipal de Jes\u00fas Mar\u00eda, destac\u00f3 el trabajo que la gobernadora ha realizado en el municipio.<\/p>\n<p>&nbsp;<\/p>\n<p>&nbsp;<\/p>\n<p>\u201cGracias, gobernadora, por siempre ir a los lugares m\u00e1s alejados. Me da mucho gusto que la gobernadora traiga los temas importantes, como la educaci\u00f3n y el agua; ella tiene un gran compromiso y visi\u00f3n, le agradezco todo el apoyo que ha dado a Jes\u00fas Mar\u00eda en todos los temas: salud, seguridad, deportivo y cultural; un apoyo incondicional\u201d, subray\u00f3 el alcalde.<\/p>\n<p>&nbsp;<\/p>\n<p>&nbsp;<\/p>\n<p>Mathias Escobar Cruz, alumno de 3 C, habl\u00f3 en nombre de todos los compa\u00f1eros.<\/p>\n<p>&nbsp;<\/p>\n<p>&nbsp;<\/p>\n<p>\u201cQuerida gobernadora, quiero agradecerle por habernos ayudado a tener un jard\u00edn m\u00e1s bonito, donde podremos aprender y jugar todos juntos; lo cuidaremos para recibir m\u00e1s ni\u00f1os como nosotros\u201d, dijo el alumno.<\/p>\n<p>&nbsp;<\/p>\n<p>&nbsp;<\/p>\n<p>Durante la ceremonia de entrega, la gobernadora estuvo acompa\u00f1ada por Luc\u00eda de Le\u00f3n Urs\u00faa, presidenta de la Comisi\u00f3n de Educaci\u00f3n y Cultura del H. Congreso del Estado; Laura Ponce, diputada local; el titular del Instituto de Educaci\u00f3n de Aguascalientes (IEA), Luis Enrique Guti\u00e9rrez Reynoso; Mart\u00edn Alejandro B\u00e1rcenas Paredes, titular de la Sisaae Jes\u00fas Mar\u00eda, y Vicente P\u00e9rez Almanza, titular de Guardianes del Agua.<\/p>\n","protected":false},"excerpt":{"rendered":"<p>#informativoelvalledeaguascalientes #novaradioaguascalientes #informativoelvalledeaguascalientesll &nbsp; &nbsp; &nbsp; Se entreg\u00f3 una nueva aula did\u00e1ctica y una oficina de direcci\u00f3n, servicios sanitarios, instalaci\u00f3n de malla sombra y otras obras de mejora en la infraestructura escolar &nbsp; 164 alumnos se ver\u00e1n beneficiados &nbsp; Gobernadora, usted no solo cambi\u00f3 una escuela, sino toda una comunidad; sin embargo, usted, con su [&hellip;]<\/p>\n","protected":false},"author":13383,"featured_media":61220,"comment_status":"closed","ping_status":"open","sticky":false,"template":"","format":"standard","meta":{"advanced_seo_description":"","jetpack_seo_html_title":"","jetpack_seo_noindex":false,"_jetpack_memberships_contains_paid_content":false,"footnotes":"","jetpack_publicize_message":"","jetpack_publicize_feature_enabled":true,"jetpack_social_post_already_shared":true,"jetpack_social_options":{"image_generator_settings":{"template":"highway","default_image_id":0,"font":"","enabled":false},"version":2}},"categories":[21,4],"tags":[22,615,39,320],"class_list":["post-61219","post","type-post","status-publish","format-standard","has-post-thumbnail","hentry","category-aguascalientes","category-gobierno-del-estado-aguascalientes","tag-aguascalientes","tag-gobierno-del-estado-de-aguascalientes","tag-iea","tag-tere-jimenez"],"jetpack_publicize_connections":[],"jetpack_featured_media_url":"https:\/\/i0.wp.com\/informativoelvalledeaguascalientes.online\/wp-content\/uploads\/2024\/09\/3e855e_6f60c34ad3674209b5842d5c9800eedfmv2.webp?fit=402%2C267&ssl=1","jetpack-related-posts":[],"jetpack_sharing_enabled":true,"jetpack_likes_enabled":true,"_links":{"self":[{"href":"https:\/\/informativoelvalledeaguascalientes.online\/index.php?rest_route=\/wp\/v2\/posts\/61219","targetHints":{"allow":["GET"]}}],"collection":[{"href":"https:\/\/informativoelvalledeaguascalientes.online\/index.php?rest_route=\/wp\/v2\/posts"}],"about":[{"href":"https:\/\/informativoelvalledeaguascalientes.online\/index.php?rest_route=\/wp\/v2\/types\/post"}],"author":[{"embeddable":true,"href":"https:\/\/informativoelvalledeaguascalientes.online\/index.php?rest_route=\/wp\/v2\/users\/13383"}],"replies":[{"embeddable":true,"href":"https:\/\/informativoelvalledeaguascalientes.online\/index.php?rest_route=%2Fwp%2Fv2%2Fcomments&post=61219"}],"version-history":[{"count":1,"href":"https:\/\/informativoelvalledeaguascalientes.online\/index.php?rest_route=\/wp\/v2\/posts\/61219\/revisions"}],"predecessor-version":[{"id":61221,"href":"https:\/\/informativoelvalledeaguascalientes.online\/index.php?rest_route=\/wp\/v2\/posts\/61219\/revisions\/61221"}],"wp:featuredmedia":[{"embeddable":true,"href":"https:\/\/informativoelvalledeaguascalientes.online\/index.php?rest_route=\/wp\/v2\/media\/61220"}],"wp:attachment":[{"href":"https:\/\/informativoelvalledeaguascalientes.online\/index.php?rest_route=%2Fwp%2Fv2%2Fmedia&parent=61219"}],"wp:term":[{"taxonomy":"category","embeddable":true,"href":"https:\/\/informativoelvalledeaguascalientes.online\/index.php?rest_route=%2Fwp%2Fv2%2Fcategories&post=61219"},{"taxonomy":"post_tag","embeddable":true,"href":"https:\/\/informativoelvalledeaguascalientes.online\/index.php?rest_route=%2Fwp%2Fv2%2Ftags&post=61219"}],"curies":[{"name":"wp","href":"https:\/\/api.w.org\/{rel}","templated":true}]}}