{"id":61120,"date":"2024-09-26T15:05:55","date_gmt":"2024-09-26T21:05:55","guid":{"rendered":"https:\/\/informativoelvalledeaguascalientes.online\/?p=61120"},"modified":"2024-09-28T16:10:36","modified_gmt":"2024-09-28T22:10:36","slug":"impulsaremos-un-paquete-economico-que-promueva-la-prevencion-del-delito-asi-como-el-bienestar-de-las-familias-luis-leon","status":"publish","type":"post","link":"https:\/\/informativoelvalledeaguascalientes.online\/?p=61120","title":{"rendered":"IMPULSAREMOS UN PAQUETE ECON\u00d3MICO QUE PROMUEVA LA PREVENCI\u00d3N DEL DELITO AS\u00cd COMO EL BIENESTAR DE LAS FAMILIAS: LUIS LE\u00d3N"},"content":{"rendered":"<p>#informativoelvalledeaguascalientes #novaradioaguascalientes #informativoelvalledeaguascalientesll<\/p>\n<p>&nbsp;<\/p>\n<p>&nbsp;<\/p>\n<p>Tras conocerse la integraci\u00f3n de las Comisiones legislativas y Comit\u00e9s del Congreso de Aguascalientes, el diputado del PAN Luis Le\u00f3n M\u00e9ndez, quien presidir\u00e1 la Comisi\u00f3n de Vigilancia, afirm\u00f3 que uno de sus compromisos es el de impulsar un Paquete Econ\u00f3mico que resuelva las necesidades prioritarias de la poblaci\u00f3n, fortalezca la seguridad, los programas educativos y de prevenci\u00f3n de las violencias y los delitos, as\u00ed como la mejora del transporte p\u00fablico, la protecci\u00f3n a adultos mayores, el fomento de cuidado a las mascotas, entre otras.<\/p>\n<p>&nbsp;<\/p>\n<p>El legislador del Distrito 15 electoral asever\u00f3 que establecer\u00e1 puentes de coordinaci\u00f3n con la Gobernadora Tere Jim\u00e9nez, con el prop\u00f3sito de que en el proyecto de Presupuesto de Egresos para el a\u00f1o 2025, que entregar\u00e1 en pr\u00f3ximos d\u00edas a la LXVI Legislatura, se estudie con detenimiento, se enriquezca y as\u00ed contar con un Paquete Econ\u00f3mico que nutra los programas sociales, deportivos y culturales, adem\u00e1s de impulsar el emprendimiento.<\/p>\n<p>&nbsp;<\/p>\n<p>De igual manera, Luis Le\u00f3n tambi\u00e9n inform\u00f3 que participar\u00e1 en importantes Comisiones legislativas como las de Seguridad P\u00fablica y Protecci\u00f3n Civil; Movilidad Sustentable y Transporte P\u00fablico y Juventud<\/p>\n","protected":false},"excerpt":{"rendered":"<p>#informativoelvalledeaguascalientes #novaradioaguascalientes #informativoelvalledeaguascalientesll &nbsp; &nbsp; Tras conocerse la integraci\u00f3n de las Comisiones legislativas y Comit\u00e9s del Congreso de Aguascalientes, el diputado del PAN Luis Le\u00f3n M\u00e9ndez, quien presidir\u00e1 la Comisi\u00f3n de Vigilancia, afirm\u00f3 que uno de sus compromisos es el de impulsar un Paquete Econ\u00f3mico que resuelva las necesidades prioritarias de la poblaci\u00f3n, fortalezca la [&hellip;]<\/p>\n","protected":false},"author":13383,"featured_media":61121,"comment_status":"closed","ping_status":"open","sticky":false,"template":"","format":"standard","meta":{"advanced_seo_description":"","jetpack_seo_html_title":"","jetpack_seo_noindex":false,"_jetpack_memberships_contains_paid_content":false,"footnotes":"","jetpack_publicize_message":"","jetpack_publicize_feature_enabled":true,"jetpack_social_post_already_shared":true,"jetpack_social_options":{"image_generator_settings":{"template":"highway","default_image_id":0,"font":"","enabled":false},"version":2}},"categories":[21,5,7],"tags":[22,615,23],"class_list":["post-61120","post","type-post","status-publish","format-standard","has-post-thumbnail","hentry","category-aguascalientes","category-h-congreso-del-estado-aguascalientes","category-pan-aguascalientes","tag-aguascalientes","tag-gobierno-del-estado-de-aguascalientes","tag-pan-aguascalientes"],"jetpack_publicize_connections":[],"jetpack_featured_media_url":"https:\/\/i0.wp.com\/informativoelvalledeaguascalientes.online\/wp-content\/uploads\/2024\/09\/IMG-20240928-WA0130.jpg?fit=1280%2C883&ssl=1","jetpack-related-posts":[],"jetpack_sharing_enabled":true,"jetpack_likes_enabled":true,"_links":{"self":[{"href":"https:\/\/informativoelvalledeaguascalientes.online\/index.php?rest_route=\/wp\/v2\/posts\/61120","targetHints":{"allow":["GET"]}}],"collection":[{"href":"https:\/\/informativoelvalledeaguascalientes.online\/index.php?rest_route=\/wp\/v2\/posts"}],"about":[{"href":"https:\/\/informativoelvalledeaguascalientes.online\/index.php?rest_route=\/wp\/v2\/types\/post"}],"author":[{"embeddable":true,"href":"https:\/\/informativoelvalledeaguascalientes.online\/index.php?rest_route=\/wp\/v2\/users\/13383"}],"replies":[{"embeddable":true,"href":"https:\/\/informativoelvalledeaguascalientes.online\/index.php?rest_route=%2Fwp%2Fv2%2Fcomments&post=61120"}],"version-history":[{"count":1,"href":"https:\/\/informativoelvalledeaguascalientes.online\/index.php?rest_route=\/wp\/v2\/posts\/61120\/revisions"}],"predecessor-version":[{"id":61122,"href":"https:\/\/informativoelvalledeaguascalientes.online\/index.php?rest_route=\/wp\/v2\/posts\/61120\/revisions\/61122"}],"wp:featuredmedia":[{"embeddable":true,"href":"https:\/\/informativoelvalledeaguascalientes.online\/index.php?rest_route=\/wp\/v2\/media\/61121"}],"wp:attachment":[{"href":"https:\/\/informativoelvalledeaguascalientes.online\/index.php?rest_route=%2Fwp%2Fv2%2Fmedia&parent=61120"}],"wp:term":[{"taxonomy":"category","embeddable":true,"href":"https:\/\/informativoelvalledeaguascalientes.online\/index.php?rest_route=%2Fwp%2Fv2%2Fcategories&post=61120"},{"taxonomy":"post_tag","embeddable":true,"href":"https:\/\/informativoelvalledeaguascalientes.online\/index.php?rest_route=%2Fwp%2Fv2%2Ftags&post=61120"}],"curies":[{"name":"wp","href":"https:\/\/api.w.org\/{rel}","templated":true}]}}