{"id":61117,"date":"2024-09-27T14:03:49","date_gmt":"2024-09-27T20:03:49","guid":{"rendered":"https:\/\/informativoelvalledeaguascalientes.online\/?p=61117"},"modified":"2024-09-28T16:05:50","modified_gmt":"2024-09-28T22:05:50","slug":"56-feria-del-libro-de-aguascalientes-casa-de-la-cultura-victor-sandoval","status":"publish","type":"post","link":"https:\/\/informativoelvalledeaguascalientes.online\/?p=61117","title":{"rendered":"56 Feria del Libro de Aguascalientes\u00a0  Casa de la Cultura \u201cV\u00edctor Sandoval\u201d"},"content":{"rendered":"<p>#informativoelvalledeaguascalientes #novaradioaguascalientes #informativoelvalledeaguascalientesll<\/p>\n<p>&nbsp;<\/p>\n<p>&nbsp;<\/p>\n<p>S\u00e1bado 28 de septiembre<\/p>\n<p>&nbsp;<\/p>\n<p>12:30 h | Inauguraci\u00f3n<\/p>\n<p>&nbsp;<\/p>\n<p>13 h | Matilde y el Fantasma (teatro infantil), con El ombligo-Sue\u00f1o azul teatro<\/p>\n<p>Teatro Antonio Leal y Romero<\/p>\n<p>&nbsp;<\/p>\n<p>16 h| En la verdad est\u00e1 la mentira (Mester Editorial), de Daniela L\u00f3pez Beltr\u00e1n<\/p>\n<p>Presentan: Diego Gonz\u00e1lez Beltr\u00e1n, Melani Daniela L\u00f3pez M\u00e1rquez y la autora<\/p>\n<p>Primer Patio<\/p>\n<p>&nbsp;<\/p>\n<p>17 h | Ceremonia de entrega del XLII Premio Nacional de Literatura Joven Salvador Gallardo D\u00e1valos a Gustavo D\u00edaz Gargallo por el poemario Instant\u00e1neas de un acorde disminuido<\/p>\n<p>Participan: Autoridades del Instituto Cultural de Aguascalientes, miembros del jurado y ganador<\/p>\n<p>Primer Patio<\/p>\n<p>&nbsp;<\/p>\n<p>18 h| San Mart\u00edn Pueblo (XLI Premio Nacional de Literatura Joven Salvador Gallardo D\u00e1valos, Fraguas Ediciones-ICA), de Eduardo Robles G\u00f3mez<\/p>\n<p>Presentan: Aldo Rosales Vel\u00e1zquez y el autor<\/p>\n<p>Primer Patio<\/p>\n<p>&nbsp;<\/p>\n<p>19 h | Dominio (Sexto Piso), de Claudina Domingo<\/p>\n<p>Presentan: Adriana Marmolejo y la autora<\/p>\n<p>Primer Patio<\/p>\n<p>&nbsp;<\/p>\n<p>20 h | Puente grande y los avestruces (teatro), Compa\u00f1\u00eda Antoch\u00ed Teatro<\/p>\n<p>Centro de Investigaci\u00f3n y Estudios Literarios de Aguascalientes (CIELA) Fraguas (Allende 238)<\/p>\n","protected":false},"excerpt":{"rendered":"<p>#informativoelvalledeaguascalientes #novaradioaguascalientes #informativoelvalledeaguascalientesll &nbsp; &nbsp; S\u00e1bado 28 de septiembre &nbsp; 12:30 h | Inauguraci\u00f3n &nbsp; 13 h | Matilde y el Fantasma (teatro infantil), con El ombligo-Sue\u00f1o azul teatro Teatro Antonio Leal y Romero &nbsp; 16 h| En la verdad est\u00e1 la mentira (Mester Editorial), de Daniela L\u00f3pez Beltr\u00e1n Presentan: Diego Gonz\u00e1lez Beltr\u00e1n, Melani Daniela [&hellip;]<\/p>\n","protected":false},"author":13383,"featured_media":61118,"comment_status":"closed","ping_status":"open","sticky":false,"template":"","format":"standard","meta":{"advanced_seo_description":"","jetpack_seo_html_title":"","jetpack_seo_noindex":false,"_jetpack_memberships_contains_paid_content":false,"footnotes":"","jetpack_publicize_message":"","jetpack_publicize_feature_enabled":true,"jetpack_social_post_already_shared":true,"jetpack_social_options":{"image_generator_settings":{"template":"highway","default_image_id":0,"font":"","enabled":false},"version":2}},"categories":[21,4],"tags":[22,615,52],"class_list":["post-61117","post","type-post","status-publish","format-standard","has-post-thumbnail","hentry","category-aguascalientes","category-gobierno-del-estado-aguascalientes","tag-aguascalientes","tag-gobierno-del-estado-de-aguascalientes","tag-ica"],"jetpack_publicize_connections":[],"jetpack_featured_media_url":"https:\/\/i0.wp.com\/informativoelvalledeaguascalientes.online\/wp-content\/uploads\/2024\/09\/IMG-20240928-WA0118.jpg?fit=1600%2C1600&ssl=1","jetpack-related-posts":[],"jetpack_sharing_enabled":true,"jetpack_likes_enabled":true,"_links":{"self":[{"href":"https:\/\/informativoelvalledeaguascalientes.online\/index.php?rest_route=\/wp\/v2\/posts\/61117","targetHints":{"allow":["GET"]}}],"collection":[{"href":"https:\/\/informativoelvalledeaguascalientes.online\/index.php?rest_route=\/wp\/v2\/posts"}],"about":[{"href":"https:\/\/informativoelvalledeaguascalientes.online\/index.php?rest_route=\/wp\/v2\/types\/post"}],"author":[{"embeddable":true,"href":"https:\/\/informativoelvalledeaguascalientes.online\/index.php?rest_route=\/wp\/v2\/users\/13383"}],"replies":[{"embeddable":true,"href":"https:\/\/informativoelvalledeaguascalientes.online\/index.php?rest_route=%2Fwp%2Fv2%2Fcomments&post=61117"}],"version-history":[{"count":1,"href":"https:\/\/informativoelvalledeaguascalientes.online\/index.php?rest_route=\/wp\/v2\/posts\/61117\/revisions"}],"predecessor-version":[{"id":61119,"href":"https:\/\/informativoelvalledeaguascalientes.online\/index.php?rest_route=\/wp\/v2\/posts\/61117\/revisions\/61119"}],"wp:featuredmedia":[{"embeddable":true,"href":"https:\/\/informativoelvalledeaguascalientes.online\/index.php?rest_route=\/wp\/v2\/media\/61118"}],"wp:attachment":[{"href":"https:\/\/informativoelvalledeaguascalientes.online\/index.php?rest_route=%2Fwp%2Fv2%2Fmedia&parent=61117"}],"wp:term":[{"taxonomy":"category","embeddable":true,"href":"https:\/\/informativoelvalledeaguascalientes.online\/index.php?rest_route=%2Fwp%2Fv2%2Fcategories&post=61117"},{"taxonomy":"post_tag","embeddable":true,"href":"https:\/\/informativoelvalledeaguascalientes.online\/index.php?rest_route=%2Fwp%2Fv2%2Ftags&post=61117"}],"curies":[{"name":"wp","href":"https:\/\/api.w.org\/{rel}","templated":true}]}}