{"id":61068,"date":"2024-09-25T10:36:53","date_gmt":"2024-09-25T16:36:53","guid":{"rendered":"https:\/\/informativoelvalledeaguascalientes.online\/?p=61068"},"modified":"2024-09-25T18:38:06","modified_gmt":"2024-09-26T00:38:06","slug":"jovenes-se-unen-en-rodada-tematica-para-aprender-sobre-el-ciclo-del-agua-en-calvillo","status":"publish","type":"post","link":"https:\/\/informativoelvalledeaguascalientes.online\/?p=61068","title":{"rendered":"&#8220;J\u00f3venes se unen en rodada tem\u00e1tica para aprender sobre el ciclo del agua en Calvillo&#8221;"},"content":{"rendered":"<p>#informativoelvalledeaguascalientes #novaradioaguascalientes #informativoelvalledeaguascalientesll<\/p>\n<p>&nbsp;<\/p>\n<p>&nbsp;<\/p>\n<p>\ud83d\ude4b\ud83c\udffb\u200d\u2642\ufe0f\ud83d\udca7\ud83d\udeb4\ud83c\udffb El Gobierno de Calvillo a trav\u00e9s del Organismo Operador de Servicios de Agua de Calvillo, realiz\u00f3 la \ud835\udc11\ud835\udc28\ud835\udc1d\ud835\udc1a\ud835\udc1d\ud835\udc1a \ud835\udc09\u00f3\ud835\udc2f\ud835\udc1e\ud835\udc27\ud835\udc1e\ud835\udc2c \ud835\udc29\ud835\udc28\ud835\udc2b \ud835\udc1e\ud835\udc25 \ud835\udc00\ud835\udc20\ud835\udc2e\ud835\udc1a, un recorrido tem\u00e1tico para conocer de d\u00f3nde viene y a d\u00f3nde va el agua que utilizamos.<\/p>\n<p>&nbsp;<\/p>\n<p>Daniel Romo Urrutia, presidente municipal, refiri\u00f3 que esta rodada se realiza con el prop\u00f3sito de fomentar el uso responsable del agua y de motivar la participaci\u00f3n de la comunidad juvenil involucrando a las nuevas generaciones en la protecci\u00f3n de este recurso h\u00eddrico.<\/p>\n<p>&nbsp;<\/p>\n<p>El arranque se realiz\u00f3 en la Plaza Principal de Calvillo, posteriormente se realiz\u00f3 un recorrido por diversos puntos de la cabecera en el que los participantes podr\u00e1n aprender de manera din\u00e1mica sobre la sostenibilidad y el ciclo agua.<\/p>\n<p>&nbsp;<\/p>\n<p>#TierraQueTrasciende<\/p>\n","protected":false},"excerpt":{"rendered":"<p>#informativoelvalledeaguascalientes #novaradioaguascalientes #informativoelvalledeaguascalientesll &nbsp; &nbsp; \ud83d\ude4b\ud83c\udffb\u200d\u2642\ufe0f\ud83d\udca7\ud83d\udeb4\ud83c\udffb El Gobierno de Calvillo a trav\u00e9s del Organismo Operador de Servicios de Agua de Calvillo, realiz\u00f3 la \ud835\udc11\ud835\udc28\ud835\udc1d\ud835\udc1a\ud835\udc1d\ud835\udc1a \ud835\udc09\u00f3\ud835\udc2f\ud835\udc1e\ud835\udc27\ud835\udc1e\ud835\udc2c \ud835\udc29\ud835\udc28\ud835\udc2b \ud835\udc1e\ud835\udc25 \ud835\udc00\ud835\udc20\ud835\udc2e\ud835\udc1a, un recorrido tem\u00e1tico para conocer de d\u00f3nde viene y a d\u00f3nde va el agua que utilizamos. &nbsp; Daniel Romo Urrutia, presidente municipal, refiri\u00f3 que esta rodada se [&hellip;]<\/p>\n","protected":false},"author":13383,"featured_media":61069,"comment_status":"closed","ping_status":"open","sticky":false,"template":"","format":"standard","meta":{"advanced_seo_description":"","jetpack_seo_html_title":"","jetpack_seo_noindex":false,"_jetpack_memberships_contains_paid_content":false,"footnotes":"","jetpack_publicize_message":"","jetpack_publicize_feature_enabled":true,"jetpack_social_post_already_shared":true,"jetpack_social_options":{"image_generator_settings":{"template":"highway","default_image_id":0,"font":"","enabled":false},"version":2}},"categories":[21,13],"tags":[22,29],"class_list":["post-61068","post","type-post","status-publish","format-standard","has-post-thumbnail","hentry","category-aguascalientes","category-calvillo-aguascalientes","tag-aguascalientes","tag-calvillo-aguascalientes"],"jetpack_publicize_connections":[],"jetpack_featured_media_url":"https:\/\/i0.wp.com\/informativoelvalledeaguascalientes.online\/wp-content\/uploads\/2024\/09\/IMG-20240925-WA0034.jpg?fit=1500%2C1000&ssl=1","jetpack-related-posts":[],"jetpack_sharing_enabled":true,"jetpack_likes_enabled":true,"_links":{"self":[{"href":"https:\/\/informativoelvalledeaguascalientes.online\/index.php?rest_route=\/wp\/v2\/posts\/61068","targetHints":{"allow":["GET"]}}],"collection":[{"href":"https:\/\/informativoelvalledeaguascalientes.online\/index.php?rest_route=\/wp\/v2\/posts"}],"about":[{"href":"https:\/\/informativoelvalledeaguascalientes.online\/index.php?rest_route=\/wp\/v2\/types\/post"}],"author":[{"embeddable":true,"href":"https:\/\/informativoelvalledeaguascalientes.online\/index.php?rest_route=\/wp\/v2\/users\/13383"}],"replies":[{"embeddable":true,"href":"https:\/\/informativoelvalledeaguascalientes.online\/index.php?rest_route=%2Fwp%2Fv2%2Fcomments&post=61068"}],"version-history":[{"count":1,"href":"https:\/\/informativoelvalledeaguascalientes.online\/index.php?rest_route=\/wp\/v2\/posts\/61068\/revisions"}],"predecessor-version":[{"id":61070,"href":"https:\/\/informativoelvalledeaguascalientes.online\/index.php?rest_route=\/wp\/v2\/posts\/61068\/revisions\/61070"}],"wp:featuredmedia":[{"embeddable":true,"href":"https:\/\/informativoelvalledeaguascalientes.online\/index.php?rest_route=\/wp\/v2\/media\/61069"}],"wp:attachment":[{"href":"https:\/\/informativoelvalledeaguascalientes.online\/index.php?rest_route=%2Fwp%2Fv2%2Fmedia&parent=61068"}],"wp:term":[{"taxonomy":"category","embeddable":true,"href":"https:\/\/informativoelvalledeaguascalientes.online\/index.php?rest_route=%2Fwp%2Fv2%2Fcategories&post=61068"},{"taxonomy":"post_tag","embeddable":true,"href":"https:\/\/informativoelvalledeaguascalientes.online\/index.php?rest_route=%2Fwp%2Fv2%2Ftags&post=61068"}],"curies":[{"name":"wp","href":"https:\/\/api.w.org\/{rel}","templated":true}]}}