{"id":61064,"date":"2024-09-24T14:57:35","date_gmt":"2024-09-24T20:57:35","guid":{"rendered":"https:\/\/informativoelvalledeaguascalientes.online\/?p=61064"},"modified":"2024-09-24T22:59:17","modified_gmt":"2024-09-25T04:59:17","slug":"inicio-dif-municipal-programa-de-emprendimiento-incluyente","status":"publish","type":"post","link":"https:\/\/informativoelvalledeaguascalientes.online\/?p=61064","title":{"rendered":"INICI\u00d3 DIF MUNICIPAL PROGRAMA DE EMPRENDIMIENTO INCLUYENTE"},"content":{"rendered":"<p>#informativoelvalledeaguascalientes #novaradioaguascalientes #informativoelvalledeaguascalientesll #LaCiudadDeTuVida<\/p>\n<p>&nbsp;<\/p>\n<p>&nbsp;<\/p>\n<p>Se brindan herramientas para el desarrollo laboral de personas con discapacidad, contribuyendo a mejorar autonom\u00eda, desempe\u00f1o y calidad de vida<\/p>\n<p>&nbsp;<\/p>\n<p>El Municipio de Aguascalientes inaugur\u00f3 el Programa de Emprendimiento Incluyente, a trav\u00e9s del cual se apoyar\u00e1 la inclusi\u00f3n laboral de personas con discapacidad, as\u00ed lo dio a conocer la directora del DIF Municipal, Zayra Rosales Tirado.<\/p>\n<p>&nbsp;<\/p>\n<p>Mencion\u00f3 que el programa tiene como objetivo principal fomentar el emprendimiento de personas con discapacidad, haciendo especial \u00e9nfasis en j\u00f3venes. Como parte de las acciones se brindar\u00e1n herramientas y recursos personalizados para el desarrollo laboral de personas con diferentes tipos de discapacidad, incluyendo motriz, intelectual, auditiva, visual y psicosocial.<\/p>\n<p>&nbsp;<\/p>\n<p>Cabe se\u00f1alar que el Municipio de Aguascalientes es el primer gobierno municipal en Aguascalientes en implementar este tipo de iniciativa, que busca generar pol\u00edticas p\u00fablicas orientadas a la inclusi\u00f3n y la no discriminaci\u00f3n.<\/p>\n<p>&nbsp;<\/p>\n<p>Durante el evento en donde personas con discapacidad participaron en un taller de elaboraci\u00f3n de art\u00edculos de limpieza, se destac\u00f3 la importancia de seguir impulsando estos proyectos, los cuales van encaminadas a mejorar la calidad de vida de personas con discapacidad y fomentar su plena integraci\u00f3n en la sociedad.<\/p>\n<p>&nbsp;<\/p>\n<p>Para solicitar informaci\u00f3n sobre este y otros programas se ponen a disposici\u00f3n los servicios del Emprendimiento Incluyente del DIF Municipal en el tel\u00e9fono 449 540 52 65 y en las oficinas ubicadas Av. Convenci\u00f3n 1205, fraccionamiento Insurgentes.<\/p>\n","protected":false},"excerpt":{"rendered":"<p>#informativoelvalledeaguascalientes #novaradioaguascalientes #informativoelvalledeaguascalientesll #LaCiudadDeTuVida &nbsp; &nbsp; Se brindan herramientas para el desarrollo laboral de personas con discapacidad, contribuyendo a mejorar autonom\u00eda, desempe\u00f1o y calidad de vida &nbsp; El Municipio de Aguascalientes inaugur\u00f3 el Programa de Emprendimiento Incluyente, a trav\u00e9s del cual se apoyar\u00e1 la inclusi\u00f3n laboral de personas con discapacidad, as\u00ed lo dio a conocer [&hellip;]<\/p>\n","protected":false},"author":13383,"featured_media":61065,"comment_status":"closed","ping_status":"open","sticky":false,"template":"","format":"standard","meta":{"advanced_seo_description":"","jetpack_seo_html_title":"","jetpack_seo_noindex":false,"_jetpack_memberships_contains_paid_content":false,"footnotes":"","jetpack_publicize_message":"","jetpack_publicize_feature_enabled":true,"jetpack_social_post_already_shared":true,"jetpack_social_options":{"image_generator_settings":{"template":"highway","default_image_id":0,"font":"","enabled":false},"version":2}},"categories":[21,3],"tags":[22,25],"class_list":["post-61064","post","type-post","status-publish","format-standard","has-post-thumbnail","hentry","category-aguascalientes","category-municipio-aguascalientes","tag-aguascalientes","tag-mpio-aguascalientes"],"jetpack_publicize_connections":[],"jetpack_featured_media_url":"https:\/\/i0.wp.com\/informativoelvalledeaguascalientes.online\/wp-content\/uploads\/2024\/09\/DSC_0973-1024x681-1.jpg?fit=1024%2C681&ssl=1","jetpack-related-posts":[],"jetpack_sharing_enabled":true,"jetpack_likes_enabled":true,"_links":{"self":[{"href":"https:\/\/informativoelvalledeaguascalientes.online\/index.php?rest_route=\/wp\/v2\/posts\/61064","targetHints":{"allow":["GET"]}}],"collection":[{"href":"https:\/\/informativoelvalledeaguascalientes.online\/index.php?rest_route=\/wp\/v2\/posts"}],"about":[{"href":"https:\/\/informativoelvalledeaguascalientes.online\/index.php?rest_route=\/wp\/v2\/types\/post"}],"author":[{"embeddable":true,"href":"https:\/\/informativoelvalledeaguascalientes.online\/index.php?rest_route=\/wp\/v2\/users\/13383"}],"replies":[{"embeddable":true,"href":"https:\/\/informativoelvalledeaguascalientes.online\/index.php?rest_route=%2Fwp%2Fv2%2Fcomments&post=61064"}],"version-history":[{"count":1,"href":"https:\/\/informativoelvalledeaguascalientes.online\/index.php?rest_route=\/wp\/v2\/posts\/61064\/revisions"}],"predecessor-version":[{"id":61066,"href":"https:\/\/informativoelvalledeaguascalientes.online\/index.php?rest_route=\/wp\/v2\/posts\/61064\/revisions\/61066"}],"wp:featuredmedia":[{"embeddable":true,"href":"https:\/\/informativoelvalledeaguascalientes.online\/index.php?rest_route=\/wp\/v2\/media\/61065"}],"wp:attachment":[{"href":"https:\/\/informativoelvalledeaguascalientes.online\/index.php?rest_route=%2Fwp%2Fv2%2Fmedia&parent=61064"}],"wp:term":[{"taxonomy":"category","embeddable":true,"href":"https:\/\/informativoelvalledeaguascalientes.online\/index.php?rest_route=%2Fwp%2Fv2%2Fcategories&post=61064"},{"taxonomy":"post_tag","embeddable":true,"href":"https:\/\/informativoelvalledeaguascalientes.online\/index.php?rest_route=%2Fwp%2Fv2%2Ftags&post=61064"}],"curies":[{"name":"wp","href":"https:\/\/api.w.org\/{rel}","templated":true}]}}