{"id":61049,"date":"2024-09-24T22:49:48","date_gmt":"2024-09-25T04:49:48","guid":{"rendered":"https:\/\/informativoelvalledeaguascalientes.online\/?p=61049"},"modified":"2024-09-24T22:49:48","modified_gmt":"2024-09-25T04:49:48","slug":"oscar-romero-toma-el-mando-de-la-revolucion-rielera-como-vicepresidente-deportivo","status":"publish","type":"post","link":"https:\/\/informativoelvalledeaguascalientes.online\/?p=61049","title":{"rendered":"\u00d3scar Romero toma el mando de la Revoluci\u00f3n Rielera como Vicepresidente Deportivo"},"content":{"rendered":"<p>#informativoelvalledeaguascalientes #novaradioaguascalientes #informativoelvalledeaguascalientesll<\/p>\n<p>&nbsp;<\/p>\n<p>&nbsp;<\/p>\n<p>Aguascalientes, Ags. (www.rielerosags.com) 24 de septiembre de 2024 \/ Larissa Valenzuela.<\/p>\n<p>&nbsp;<\/p>\n<p>Con 16 a\u00f1os de experiencia dentro del b\u00e9isbol profesional con el cargo de Vicepresidente Deportivo, y formando novenas campeonas, \u00d3scar Romero se une a la nave hidroc\u00e1lida de cara a la temporada 2025 de la Liga Mexicana de B\u00e9isbol, oportunidad que llega para el directivo en una de las mejores etapas de su carrera y que adem\u00e1s trae una mente totalmente fresca y renovada para darle un giro completo a la Revoluci\u00f3n Rielera.<\/p>\n<p>&nbsp;<\/p>\n<p>&nbsp;<\/p>\n<p>\u201cMe siento muy contento, motivado y agradecido por la gran oportunidad que me est\u00e1 brindando la organizaci\u00f3n de Rieleros, feliz de poder llegar a un equipo y a una ciudad donde tienen grandes anhelos de tener un equipo competitivo, as\u00ed como lo han tenido anteriormente, pero todav\u00eda m\u00e1s reforzado, con las aspiraciones de llegar a una Serie del Rey y lograr otro campeonato\u201d, fueron las primeras palabras de Romero.<\/p>\n<p>&nbsp;<\/p>\n<p>Luego de que en la temporada 2024 Rieleros de Aguascalientes tuviera una primera mitad muy complicada, y un cierre de campa\u00f1a espectacular, el nuevo Vicepresidente de los hidroc\u00e1lidos comparti\u00f3 un poco de lo que ha visto en este equipo.<\/p>\n<p>&nbsp;<\/p>\n<p>\u201cDesde mi perspectiva veo a un equipo que como todos, tiene sus \u00e1reas de oportunidad, pero much\u00edsimas m\u00e1s fortalezas. Veo una escuadra de jugadores sumamente talentosos, muchos de ellos siendo la fortaleza del lineup, aunque tambi\u00e9n cabe mencionar que lo vamos a reforzar todav\u00eda m\u00e1s y que desde la pretemporada ustedes ver\u00e1n al equipo que vamos a tener para esta temporada 2025 que se avecina\u201d, coment\u00f3 \u00d3scar.<\/p>\n<p>&nbsp;<\/p>\n<p>Al preguntarle sobre alguna clase de restructuraci\u00f3n de la Revoluci\u00f3n Rielera contest\u00f3 lo siguiente:<\/p>\n<p>&nbsp;<\/p>\n<p>\u201cSe empezar\u00e1n a hacer los ajustes, primeramente con la parte del cuerpo t\u00e9cnico, comenzando con el manager y su gente importante que son los coaches dentro del staff. Posteriormente, nos dedicaremos a la b\u00fasqueda de jugadores que vengan a reforzar el equipo. Queremos formar una escuadra que sea totalmente atleta y ver\u015batil, que adem\u00e1s de brindar un espect\u00e1culo, busque victorias para estar en la pelea siempre, teniendo el objetivo de ser altamente competitivo\u201d, platic\u00f3.<\/p>\n<p>&nbsp;<\/p>\n<p>Para el caso de las estrategias a utilizar para tener un equipo que est\u00e9 peleando la Serie del Rey en 2025, \u00d3scar coment\u00f3 lo siguiente:<\/p>\n<p>&nbsp;<\/p>\n<p>\u201cEsta pregunta es muy interesante, porque las estrategias principales son: tener gente altamente capacitada en la direcci\u00f3n del equipo y en todas sus \u00e1reas, gente con experiencia, confiable y competitiva, que ya haya tenido campeonatos y que sepa c\u00f3mo ganar y hacer el trabajo que se requiere. En la parte de los jugadores, nuestra novena no puede tener ning\u00fan hueco, es decir, vamos a tratar de erradicar nuestras debilidades, porque el equipo siempre debe mantener un excelente nivel. Es muy importante que exista unidad y armon\u00eda desde la oficina, \u00e1rea deportiva, due\u00f1os, afici\u00f3n y medios de comunicaci\u00f3n\u201d.<\/p>\n<p>&nbsp;<\/p>\n<p>Por \u00faltimo, Romero aprovech\u00f3 para mandar un mensaje a la afici\u00f3n hidroc\u00e1lida:<\/p>\n<p>&nbsp;<\/p>\n<p>\u201cLes pido que nos apoyen en las buenas y en las malas, que est\u00e9n tranquilos, y que sepan que la organizaci\u00f3n no va a escatimar ning\u00fan esfuerzo en crear el equipo m\u00e1s competitivo de la liga, y que aqu\u00ed la misi\u00f3n no es llegar a postemporada, sino que seamos el aspirante a ganar la Serie del Rey. Vamos a trabajar incansablemente con gente profesional, gente experta en cada \u00e1rea para hacer la mejor selecci\u00f3n, principalmente en los refuerzos. Estoy seguro que disfrutaremos de esta temporada 2025 juntos y estaremos inform\u00e1ndoles ya en los pr\u00f3ximos d\u00edas los cambios, contrataciones y todos los movimientos para la estructuraci\u00f3n del nuevo equipo de Rieleros\u201d, finaliz\u00f3.<\/p>\n","protected":false},"excerpt":{"rendered":"<p>#informativoelvalledeaguascalientes #novaradioaguascalientes #informativoelvalledeaguascalientesll &nbsp; &nbsp; Aguascalientes, Ags. (www.rielerosags.com) 24 de septiembre de 2024 \/ Larissa Valenzuela. &nbsp; Con 16 a\u00f1os de experiencia dentro del b\u00e9isbol profesional con el cargo de Vicepresidente Deportivo, y formando novenas campeonas, \u00d3scar Romero se une a la nave hidroc\u00e1lida de cara a la temporada 2025 de la Liga Mexicana de [&hellip;]<\/p>\n","protected":false},"author":13383,"featured_media":61050,"comment_status":"closed","ping_status":"open","sticky":false,"template":"","format":"standard","meta":{"advanced_seo_description":"","jetpack_seo_html_title":"","jetpack_seo_noindex":false,"_jetpack_memberships_contains_paid_content":false,"footnotes":"","jetpack_publicize_message":"","jetpack_publicize_feature_enabled":true,"jetpack_social_post_already_shared":true,"jetpack_social_options":{"image_generator_settings":{"template":"highway","default_image_id":0,"font":"","enabled":false},"version":2}},"categories":[21,760],"tags":[22,757],"class_list":["post-61049","post","type-post","status-publish","format-standard","has-post-thumbnail","hentry","category-aguascalientes","category-rieleros-de-aguascalientes","tag-aguascalientes","tag-rieleros-de-aguascalientes"],"jetpack_publicize_connections":[],"jetpack_featured_media_url":"https:\/\/i0.wp.com\/informativoelvalledeaguascalientes.online\/wp-content\/uploads\/2024\/09\/IMG-20240924-WA0190.jpg?fit=1200%2C1600&ssl=1","jetpack-related-posts":[],"jetpack_sharing_enabled":true,"jetpack_likes_enabled":true,"_links":{"self":[{"href":"https:\/\/informativoelvalledeaguascalientes.online\/index.php?rest_route=\/wp\/v2\/posts\/61049","targetHints":{"allow":["GET"]}}],"collection":[{"href":"https:\/\/informativoelvalledeaguascalientes.online\/index.php?rest_route=\/wp\/v2\/posts"}],"about":[{"href":"https:\/\/informativoelvalledeaguascalientes.online\/index.php?rest_route=\/wp\/v2\/types\/post"}],"author":[{"embeddable":true,"href":"https:\/\/informativoelvalledeaguascalientes.online\/index.php?rest_route=\/wp\/v2\/users\/13383"}],"replies":[{"embeddable":true,"href":"https:\/\/informativoelvalledeaguascalientes.online\/index.php?rest_route=%2Fwp%2Fv2%2Fcomments&post=61049"}],"version-history":[{"count":1,"href":"https:\/\/informativoelvalledeaguascalientes.online\/index.php?rest_route=\/wp\/v2\/posts\/61049\/revisions"}],"predecessor-version":[{"id":61051,"href":"https:\/\/informativoelvalledeaguascalientes.online\/index.php?rest_route=\/wp\/v2\/posts\/61049\/revisions\/61051"}],"wp:featuredmedia":[{"embeddable":true,"href":"https:\/\/informativoelvalledeaguascalientes.online\/index.php?rest_route=\/wp\/v2\/media\/61050"}],"wp:attachment":[{"href":"https:\/\/informativoelvalledeaguascalientes.online\/index.php?rest_route=%2Fwp%2Fv2%2Fmedia&parent=61049"}],"wp:term":[{"taxonomy":"category","embeddable":true,"href":"https:\/\/informativoelvalledeaguascalientes.online\/index.php?rest_route=%2Fwp%2Fv2%2Fcategories&post=61049"},{"taxonomy":"post_tag","embeddable":true,"href":"https:\/\/informativoelvalledeaguascalientes.online\/index.php?rest_route=%2Fwp%2Fv2%2Ftags&post=61049"}],"curies":[{"name":"wp","href":"https:\/\/api.w.org\/{rel}","templated":true}]}}