{"id":61043,"date":"2024-09-23T15:43:24","date_gmt":"2024-09-23T21:43:24","guid":{"rendered":"https:\/\/informativoelvalledeaguascalientes.online\/?p=61043"},"modified":"2024-09-24T22:45:56","modified_gmt":"2024-09-25T04:45:56","slug":"el-municipio-de-jesus-maria-promueve-la-inclusion-a-traves-de-cursos-personalizados-para-ninas-y-ninos-con-discapacidad-o-transtornos-del-neurodesarrollo","status":"publish","type":"post","link":"https:\/\/informativoelvalledeaguascalientes.online\/?p=61043","title":{"rendered":"EL MUNICIPIO DE JES\u00daS MAR\u00cdA PROMUEVE LA INCLUSI\u00d3N A TRAV\u00c9S DE CURSOS PERSONALIZADOS PARA NI\u00d1AS Y NI\u00d1OS CON DISCAPACIDAD O TRANSTORNOS DEL NEURODESARROLLO"},"content":{"rendered":"<p>#informativoelvalledeaguascalientes #novaradioaguascalientes #informativoelvalledeaguascalientesll<\/p>\n<p>&nbsp;<\/p>\n<p>&nbsp;<\/p>\n<p>\u2022 La Secretar\u00eda de Desarrollo Social trabaja de la mano con el Centro de Atenci\u00f3n M\u00faltiple de JM<\/p>\n<p>&nbsp;<\/p>\n<p>&nbsp;<\/p>\n<p>El Gobierno Municipal de Jes\u00fas Mar\u00eda que encabeza el presidente municipal Antonio Ar\u00e1mbula L\u00f3pez, reafirma su compromiso con la inclusi\u00f3n y el desarrollo de todos sus habitantes, de manera que a trav\u00e9s de la Secretar\u00eda de Desarrollo Social y en coordinaci\u00f3n con el Centro de Atenci\u00f3n M\u00faltiple III (CAM) ofrece cursos gratuitos.<\/p>\n<p>&nbsp;<\/p>\n<p>La secretaria de Desarrollo Social, Beatriz Marmolejo Hern\u00e1ndez, inform\u00f3 que el presidente municipal ha mostrado su inter\u00e9s porque Jes\u00fas Mar\u00eda sea cada vez m\u00e1s incluyente, por lo que recientemente en el Centro de Desarrollo Comunitario (CEDECO), ubicado en Lomas de Jes\u00fas Mar\u00eda se abrieron cursos exclusivos para menores que presenten alguna discapacidad o trastornos del neurodesarrollo.<\/p>\n<p>&nbsp;<\/p>\n<p>\u201cEstas clases las imparte un maestro especialista que nos envi\u00f3 el CAM, es muy bueno y est\u00e1 dando clases a ni\u00f1os que presentan problemas de aprendizaje, d\u00e9ficit de atenci\u00f3n, s\u00edndrome de down, hiperactividad y con espectro autista, brind\u00e1ndoles herramientas para un mayor desarrollo personal y social\u201d inform\u00f3 Marmolejo Hern\u00e1ndez.<\/p>\n<p>&nbsp;<\/p>\n<p>Agreg\u00f3, que estos cursos se imparten los s\u00e1bados sin costo alguno, \u201cEl primer paso es realizar una evaluaci\u00f3n personalizada, para posteriormente acomodar al menor en el grupo que m\u00e1s se adapte a sus necesidades y que permita mejores resultados en su desarrollo\u201d dijo.<\/p>\n<p>&nbsp;<\/p>\n<p>Cabe se\u00f1alar que el curso est\u00e1 dise\u00f1ado con actividades y din\u00e1micas adaptadas a las necesidades individuales de cada menor, garantizando un entorno de aprendizaje respetuoso y enriquecedor.<\/p>\n<p>&nbsp;<\/p>\n<p>Con esta y otras acciones, el Municipio de Jes\u00fas Mar\u00eda refrenda su compromiso por la creaci\u00f3n de una sociedad m\u00e1s justa e inclusiva, donde todas los ni\u00f1os y ni\u00f1as tengan oportunidades de desarrollo. Los interesados pueden comunicarse al 449 392 26 24 de 08:30 a 16:00 horas, o acudir al CEDECO ubicado en la calle Bonampak n\u00famero 500 en el fraccionamiento Lomas de Jes\u00fas Mar\u00eda.<\/p>\n","protected":false},"excerpt":{"rendered":"<p>#informativoelvalledeaguascalientes #novaradioaguascalientes #informativoelvalledeaguascalientesll &nbsp; &nbsp; \u2022 La Secretar\u00eda de Desarrollo Social trabaja de la mano con el Centro de Atenci\u00f3n M\u00faltiple de JM &nbsp; &nbsp; El Gobierno Municipal de Jes\u00fas Mar\u00eda que encabeza el presidente municipal Antonio Ar\u00e1mbula L\u00f3pez, reafirma su compromiso con la inclusi\u00f3n y el desarrollo de todos sus habitantes, de manera que [&hellip;]<\/p>\n","protected":false},"author":13383,"featured_media":61044,"comment_status":"closed","ping_status":"open","sticky":false,"template":"","format":"standard","meta":{"advanced_seo_description":"","jetpack_seo_html_title":"","jetpack_seo_noindex":false,"_jetpack_memberships_contains_paid_content":false,"footnotes":"","jetpack_publicize_message":"","jetpack_publicize_feature_enabled":true,"jetpack_social_post_already_shared":true,"jetpack_social_options":{"image_generator_settings":{"template":"highway","default_image_id":0,"font":"","enabled":false},"version":2}},"categories":[21,14],"tags":[22,45],"class_list":["post-61043","post","type-post","status-publish","format-standard","has-post-thumbnail","hentry","category-aguascalientes","category-jesus-maria-aguascalientes","tag-aguascalientes","tag-jesus-maria-aguascalientes"],"jetpack_publicize_connections":[],"jetpack_featured_media_url":"https:\/\/i0.wp.com\/informativoelvalledeaguascalientes.online\/wp-content\/uploads\/2024\/09\/IMG-20240923-WA0095.jpg?fit=1600%2C1040&ssl=1","jetpack-related-posts":[],"jetpack_sharing_enabled":true,"jetpack_likes_enabled":true,"_links":{"self":[{"href":"https:\/\/informativoelvalledeaguascalientes.online\/index.php?rest_route=\/wp\/v2\/posts\/61043","targetHints":{"allow":["GET"]}}],"collection":[{"href":"https:\/\/informativoelvalledeaguascalientes.online\/index.php?rest_route=\/wp\/v2\/posts"}],"about":[{"href":"https:\/\/informativoelvalledeaguascalientes.online\/index.php?rest_route=\/wp\/v2\/types\/post"}],"author":[{"embeddable":true,"href":"https:\/\/informativoelvalledeaguascalientes.online\/index.php?rest_route=\/wp\/v2\/users\/13383"}],"replies":[{"embeddable":true,"href":"https:\/\/informativoelvalledeaguascalientes.online\/index.php?rest_route=%2Fwp%2Fv2%2Fcomments&post=61043"}],"version-history":[{"count":1,"href":"https:\/\/informativoelvalledeaguascalientes.online\/index.php?rest_route=\/wp\/v2\/posts\/61043\/revisions"}],"predecessor-version":[{"id":61045,"href":"https:\/\/informativoelvalledeaguascalientes.online\/index.php?rest_route=\/wp\/v2\/posts\/61043\/revisions\/61045"}],"wp:featuredmedia":[{"embeddable":true,"href":"https:\/\/informativoelvalledeaguascalientes.online\/index.php?rest_route=\/wp\/v2\/media\/61044"}],"wp:attachment":[{"href":"https:\/\/informativoelvalledeaguascalientes.online\/index.php?rest_route=%2Fwp%2Fv2%2Fmedia&parent=61043"}],"wp:term":[{"taxonomy":"category","embeddable":true,"href":"https:\/\/informativoelvalledeaguascalientes.online\/index.php?rest_route=%2Fwp%2Fv2%2Fcategories&post=61043"},{"taxonomy":"post_tag","embeddable":true,"href":"https:\/\/informativoelvalledeaguascalientes.online\/index.php?rest_route=%2Fwp%2Fv2%2Ftags&post=61043"}],"curies":[{"name":"wp","href":"https:\/\/api.w.org\/{rel}","templated":true}]}}