{"id":61018,"date":"2024-09-23T17:49:48","date_gmt":"2024-09-23T23:49:48","guid":{"rendered":"https:\/\/informativoelvalledeaguascalientes.online\/?p=61018"},"modified":"2024-09-24T13:51:50","modified_gmt":"2024-09-24T19:51:50","slug":"aguascalentense-destaca-en-torneo-internacional-de-taekwondo-en-lima-peru","status":"publish","type":"post","link":"https:\/\/informativoelvalledeaguascalientes.online\/?p=61018","title":{"rendered":"AGUASCALENTENSE DESTACA EN TORNEO INTERNACIONAL DE TAEKWONDO EN LIMA, PER\u00da"},"content":{"rendered":"<p>#informativoelvalledeaguascalientes #novaradioaguascalientes #informativoelvalledeaguascalientesll<\/p>\n<p>&nbsp;<\/p>\n<p>&nbsp;<\/p>\n<p>&nbsp;<\/p>\n<p>El Gobierno del Estado de Aguascalientes felicita al atleta hidroc\u00e1lido Obed Mart\u00ednez Medina por su destacada participaci\u00f3n en el II Panam Series de Taekwondo, que se realiz\u00f3 en Lima, Per\u00fa.<\/p>\n<p>&nbsp;<\/p>\n<p>&nbsp;<\/p>\n<p>En lo individual, el joven taekwondo\u00edn logr\u00f3 obtener una medalla de bronce en la modalidad de poomsae, categor\u00eda Juvenil; mientras que junto con su compa\u00f1era Brisa Alexandra Hern\u00e1ndez alcanz\u00f3 el quinto lugar en la tercera prueba obligatoria de Freestyle en Pareja, con lo que se posicionan entre los mejores del continente.<\/p>\n<p>&nbsp;<\/p>\n<p>&nbsp;<\/p>\n<p>La pareja mexicana compiti\u00f3 contra 17 duplas m\u00e1s que representaron a igual n\u00famero de pa\u00edses, por uno de los ocho lugares disponibles para los Juegos Panamericanos Juveniles Sub-22 en Asunci\u00f3n 2025.<\/p>\n<p>&nbsp;<\/p>\n<p>&nbsp;<\/p>\n<p>Es importante resaltar que tanto Brisa, de 15 a\u00f1os, como Obed, de 17, son los competidores m\u00e1s j\u00f3venes en la categor\u00eda Freestyle en Pareja, enfrent\u00e1ndose a atletas adultos.<\/p>\n<p>&nbsp;<\/p>\n<p>&nbsp;<\/p>\n<p>Cabe destacar que el pr\u00f3ximo evento clasificatorio ser\u00e1 el 18 de octubre en Cuba, donde buscar\u00e1n mantener los buenos resultados para permanecer en la zona clasificatoria para Asunci\u00f3n 2025.<\/p>\n<p>&nbsp;<\/p>\n","protected":false},"excerpt":{"rendered":"<p>#informativoelvalledeaguascalientes #novaradioaguascalientes #informativoelvalledeaguascalientesll &nbsp; &nbsp; &nbsp; El Gobierno del Estado de Aguascalientes felicita al atleta hidroc\u00e1lido Obed Mart\u00ednez Medina por su destacada participaci\u00f3n en el II Panam Series de Taekwondo, que se realiz\u00f3 en Lima, Per\u00fa. &nbsp; &nbsp; En lo individual, el joven taekwondo\u00edn logr\u00f3 obtener una medalla de bronce en la modalidad de poomsae, [&hellip;]<\/p>\n","protected":false},"author":13383,"featured_media":61019,"comment_status":"closed","ping_status":"open","sticky":false,"template":"","format":"standard","meta":{"advanced_seo_description":"","jetpack_seo_html_title":"","jetpack_seo_noindex":false,"_jetpack_memberships_contains_paid_content":false,"footnotes":"","jetpack_publicize_message":"","jetpack_publicize_feature_enabled":true,"jetpack_social_post_already_shared":true,"jetpack_social_options":{"image_generator_settings":{"template":"highway","default_image_id":0,"font":"","enabled":false},"version":2}},"categories":[21,4],"tags":[22,615,113],"class_list":["post-61018","post","type-post","status-publish","format-standard","has-post-thumbnail","hentry","category-aguascalientes","category-gobierno-del-estado-aguascalientes","tag-aguascalientes","tag-gobierno-del-estado-de-aguascalientes","tag-idea"],"jetpack_publicize_connections":[],"jetpack_featured_media_url":"https:\/\/i0.wp.com\/informativoelvalledeaguascalientes.online\/wp-content\/uploads\/2024\/09\/3e855e_647b0bdb2a584589ac1f876e86ee8ddamv2.webp?fit=470%2C355&ssl=1","jetpack-related-posts":[],"jetpack_sharing_enabled":true,"jetpack_likes_enabled":true,"_links":{"self":[{"href":"https:\/\/informativoelvalledeaguascalientes.online\/index.php?rest_route=\/wp\/v2\/posts\/61018","targetHints":{"allow":["GET"]}}],"collection":[{"href":"https:\/\/informativoelvalledeaguascalientes.online\/index.php?rest_route=\/wp\/v2\/posts"}],"about":[{"href":"https:\/\/informativoelvalledeaguascalientes.online\/index.php?rest_route=\/wp\/v2\/types\/post"}],"author":[{"embeddable":true,"href":"https:\/\/informativoelvalledeaguascalientes.online\/index.php?rest_route=\/wp\/v2\/users\/13383"}],"replies":[{"embeddable":true,"href":"https:\/\/informativoelvalledeaguascalientes.online\/index.php?rest_route=%2Fwp%2Fv2%2Fcomments&post=61018"}],"version-history":[{"count":1,"href":"https:\/\/informativoelvalledeaguascalientes.online\/index.php?rest_route=\/wp\/v2\/posts\/61018\/revisions"}],"predecessor-version":[{"id":61020,"href":"https:\/\/informativoelvalledeaguascalientes.online\/index.php?rest_route=\/wp\/v2\/posts\/61018\/revisions\/61020"}],"wp:featuredmedia":[{"embeddable":true,"href":"https:\/\/informativoelvalledeaguascalientes.online\/index.php?rest_route=\/wp\/v2\/media\/61019"}],"wp:attachment":[{"href":"https:\/\/informativoelvalledeaguascalientes.online\/index.php?rest_route=%2Fwp%2Fv2%2Fmedia&parent=61018"}],"wp:term":[{"taxonomy":"category","embeddable":true,"href":"https:\/\/informativoelvalledeaguascalientes.online\/index.php?rest_route=%2Fwp%2Fv2%2Fcategories&post=61018"},{"taxonomy":"post_tag","embeddable":true,"href":"https:\/\/informativoelvalledeaguascalientes.online\/index.php?rest_route=%2Fwp%2Fv2%2Ftags&post=61018"}],"curies":[{"name":"wp","href":"https:\/\/api.w.org\/{rel}","templated":true}]}}