{"id":61005,"date":"2024-09-24T09:34:15","date_gmt":"2024-09-24T15:34:15","guid":{"rendered":"https:\/\/informativoelvalledeaguascalientes.online\/?p=61005"},"modified":"2024-09-24T13:35:51","modified_gmt":"2024-09-24T19:35:51","slug":"panistas-en-aguascalientes-se-congregan-con-motivo-del-85-aniversario-de-la-fundacion-del-partido","status":"publish","type":"post","link":"https:\/\/informativoelvalledeaguascalientes.online\/?p=61005","title":{"rendered":"PANISTAS EN AGUASCALIENTES SE CONGREGAN CON MOTIVO DEL 85 ANIVERSARIO DE LA FUNDACI\u00d3N DEL PARTIDO"},"content":{"rendered":"<p>#informativoelvalledeaguascalientes #novaradioaguascalientes #informativoelvalledeaguascalientesll<\/p>\n<p>&nbsp;<\/p>\n<p>&nbsp;<\/p>\n<p>&nbsp;<\/p>\n<p>Se entregaron reconocimientos a la trayectoria militante por m\u00e1s de 25 a\u00f1os<\/p>\n<p>Declara el presidente del CDE PAN, Javier Lu\u00e9vano 2025 para la celebraci\u00f3n de 30 a\u00f1os de alternancia en Aguascalientes.<\/p>\n<p>No se puede concebir a M\u00e9xico sin la existencia de Acci\u00f3n Nacional: Liz Mart\u00ednez<\/p>\n<p>El ex alcalde Alfredo Reyes Velazquez invit\u00f3 a la reflexi\u00f3n ante un partido que hoy desgobierna el pa\u00eds<\/p>\n<p>&nbsp;<\/p>\n<p>La militancia panista se dio cita, con el objetivo de recordar que hace 85 a\u00f1os hombres y mujeres de f\u00e9rrea convicci\u00f3n e ideales para construir una patria mejor para todas y todos, y liderados por Manuel G\u00f3mez Morin, fundaron el Partido Acci\u00f3n Nacional.<\/p>\n<p>En el acto se reconoci\u00f3 a militantes de todo el estado con trayectoria en el partido por 25 a\u00f1os y m\u00e1s, destacando el reconocimiento a la se\u00f1ora Mar\u00eda del Refugio Ch\u00e1vez Aguilera, quien suma 66 a\u00f1os de amor y convicci\u00f3n por los ideales de Acci\u00f3n Nacional y al ex alcalde Alfredo Mart\u00edn Reyes Velazquez con 30 a\u00f1os de militancia.<\/p>\n<p>El presidente del Comit\u00e9 Directivo Estatal, Javier Lu\u00e9vano N\u00fa\u00f1ez, manifest\u00f3 que hoy m\u00e1s que nunca, ante la continuidad de un gobierno que se perfila como una dictadura, la lucha contin\u00faa para defender la democracia, la libertad y los derechos de todas y todos, que tanto costaron y que no se pueden diluir ante un r\u00e9gimen autoritario que ha buscado controlar los tres poderes de la Uni\u00f3n.<\/p>\n<p>Refiri\u00f3 que en Aguascalientes se desde hace 30 a\u00f1os se inici\u00f3 el cambio en el rumbo del estado, con los gobiernos que emergieron de Acci\u00f3n Nacional, y desde entonces se ha convertido en el basti\u00f3n panista, referente nacional de compromiso con la democracia.<\/p>\n<p>\u201cAguascalientes es el coraz\u00f3n azul de esta naci\u00f3n. Aqu\u00ed late con fuerza la sangre de los ideales panistas, bombeando vida, esperanza y libertad a todo M\u00e9xico. Este estado es y debe seguir siendo el faro que ilumina en medio de la incertidumbre. Como panistas, tenemos la responsabilidad de mantenernos unidos y continuar siendo ese ejemplo porque el pa\u00eds necesita a Aguascalientes, donde seguimos siendo fuertes, y aprendimos a serlo en unidad\u201d.<\/p>\n<p>El l\u00edder de los panistas en Aguascalientes reconoci\u00f3 los excelentes resultados de los gobiernos emanados del partido, a la gobernadora Tere Jim\u00e9nez, a los alcaldes Leo Monta\u00f1ez, To\u00f1o Ar\u00e1mbula y Daniel Romo Urrutia; a los senadores y de los diputados federales que con convicci\u00f3n se han mantenido firmes como oposici\u00f3n responsable en el Congreso de la Uni\u00f3n. De igual forma patentiz\u00f3 el respaldo a los diputados locales que iniciaron labores recientemente y a las y los alcaldes pr\u00f3ximos a tomar protesta en el cargo.<\/p>\n<p>&nbsp;<\/p>\n<p>Agradeci\u00f3 a cada militante, j\u00f3venes, mujeres y hombres que creen firmemente que Acci\u00f3n Nacional es el mejor partido.<\/p>\n<p>&nbsp;<\/p>\n<p>Acto seguido declar\u00f3 \u00e9l pr\u00f3ximo 2025 para la celebraci\u00f3n de 30 a\u00f1os de la alternancia en Aguascalientes<\/p>\n<p>&nbsp;<\/p>\n<p>En su intervenci\u00f3n Liz Mart\u00ednez, diputada federal y presidenta del comit\u00e9 Directivo Municipal de la capital hizo referencia a los a\u00f1os en los que ser Panista era un acto de valent\u00eda, sin embargo, dijo, no se puede concebir la historia de M\u00e9xico sin la existencia de Acci\u00f3n Nacional.<\/p>\n<p>El ex alcalde Alfredo Reyes Velazquez, dijo que Aguascalientes si tiene mucho que celebrar como cuna orgullosa del panismo, invitando a los presentes a hacer una reflexi\u00f3n sobre lo que depara el destino ante un partido que desgobierna al pa\u00eds y que debemos rescatar desde el centro hist\u00f3rico del pa\u00eds, con base en los principios del Partido Acci\u00f3n Nacional.<\/p>\n<p>En el acto estuvieron presentes tambi\u00e9n la secretaria general del partido Paloma Am\u00e9zquita, el secretario general adjunto del Comit\u00e9 Ejecutivo Nacional del PAN, Alan \u00c1vila Magos, los alcaldes Leonardo Monta\u00f1ez, To\u00f1o Ar\u00e1mbula y Daniel Romo de Aguascalientes, Jes\u00fas Mar\u00eda y Calvillo respectivamente; los diputados federales Paulo Mart\u00ednez y Quique Galo, adem\u00e1s de diputados locales, alcaldes electos y presidentes e integrantes de los comit\u00e9s directivos estatal y municipales en Aguascalientes.<\/p>\n","protected":false},"excerpt":{"rendered":"<p>#informativoelvalledeaguascalientes #novaradioaguascalientes #informativoelvalledeaguascalientesll &nbsp; &nbsp; &nbsp; Se entregaron reconocimientos a la trayectoria militante por m\u00e1s de 25 a\u00f1os Declara el presidente del CDE PAN, Javier Lu\u00e9vano 2025 para la celebraci\u00f3n de 30 a\u00f1os de alternancia en Aguascalientes. No se puede concebir a M\u00e9xico sin la existencia de Acci\u00f3n Nacional: Liz Mart\u00ednez El ex alcalde Alfredo [&hellip;]<\/p>\n","protected":false},"author":13383,"featured_media":61007,"comment_status":"closed","ping_status":"open","sticky":false,"template":"","format":"standard","meta":{"advanced_seo_description":"","jetpack_seo_html_title":"","jetpack_seo_noindex":false,"_jetpack_memberships_contains_paid_content":false,"footnotes":"","jetpack_publicize_message":"","jetpack_publicize_feature_enabled":true,"jetpack_social_post_already_shared":true,"jetpack_social_options":{"image_generator_settings":{"template":"highway","default_image_id":0,"font":"","enabled":false},"version":2}},"categories":[21,7],"tags":[22,23],"class_list":["post-61005","post","type-post","status-publish","format-standard","has-post-thumbnail","hentry","category-aguascalientes","category-pan-aguascalientes","tag-aguascalientes","tag-pan-aguascalientes"],"jetpack_publicize_connections":[],"jetpack_featured_media_url":"https:\/\/i0.wp.com\/informativoelvalledeaguascalientes.online\/wp-content\/uploads\/2024\/09\/IMG-20240924-WA0010.jpg?fit=1600%2C1066&ssl=1","jetpack-related-posts":[],"jetpack_sharing_enabled":true,"jetpack_likes_enabled":true,"_links":{"self":[{"href":"https:\/\/informativoelvalledeaguascalientes.online\/index.php?rest_route=\/wp\/v2\/posts\/61005","targetHints":{"allow":["GET"]}}],"collection":[{"href":"https:\/\/informativoelvalledeaguascalientes.online\/index.php?rest_route=\/wp\/v2\/posts"}],"about":[{"href":"https:\/\/informativoelvalledeaguascalientes.online\/index.php?rest_route=\/wp\/v2\/types\/post"}],"author":[{"embeddable":true,"href":"https:\/\/informativoelvalledeaguascalientes.online\/index.php?rest_route=\/wp\/v2\/users\/13383"}],"replies":[{"embeddable":true,"href":"https:\/\/informativoelvalledeaguascalientes.online\/index.php?rest_route=%2Fwp%2Fv2%2Fcomments&post=61005"}],"version-history":[{"count":2,"href":"https:\/\/informativoelvalledeaguascalientes.online\/index.php?rest_route=\/wp\/v2\/posts\/61005\/revisions"}],"predecessor-version":[{"id":61008,"href":"https:\/\/informativoelvalledeaguascalientes.online\/index.php?rest_route=\/wp\/v2\/posts\/61005\/revisions\/61008"}],"wp:featuredmedia":[{"embeddable":true,"href":"https:\/\/informativoelvalledeaguascalientes.online\/index.php?rest_route=\/wp\/v2\/media\/61007"}],"wp:attachment":[{"href":"https:\/\/informativoelvalledeaguascalientes.online\/index.php?rest_route=%2Fwp%2Fv2%2Fmedia&parent=61005"}],"wp:term":[{"taxonomy":"category","embeddable":true,"href":"https:\/\/informativoelvalledeaguascalientes.online\/index.php?rest_route=%2Fwp%2Fv2%2Fcategories&post=61005"},{"taxonomy":"post_tag","embeddable":true,"href":"https:\/\/informativoelvalledeaguascalientes.online\/index.php?rest_route=%2Fwp%2Fv2%2Ftags&post=61005"}],"curies":[{"name":"wp","href":"https:\/\/api.w.org\/{rel}","templated":true}]}}