{"id":60923,"date":"2024-09-18T12:16:36","date_gmt":"2024-09-18T18:16:36","guid":{"rendered":"https:\/\/informativoelvalledeaguascalientes.online\/?p=60923"},"modified":"2024-09-19T19:23:56","modified_gmt":"2024-09-20T01:23:56","slug":"con-exito-se-llevo-a-cabo-taller-mujer-emprende-en-jesus-maria","status":"publish","type":"post","link":"https:\/\/informativoelvalledeaguascalientes.online\/?p=60923","title":{"rendered":"CON \u00c9XITO SE LLEV\u00d3 A CABO TALLER \u201cMUJER EMPRENDE\u201d EN JES\u00daS MAR\u00cdA"},"content":{"rendered":"<p>#informativoelvalledeaguascalientes #novaradioaguascalientes #informativoelvalledeaguascalientesll<\/p>\n<p>&nbsp;<\/p>\n<p>&nbsp;<\/p>\n<p>Contin\u00faan en el municipio de Jes\u00fas Mar\u00eda, las acciones para impulsar el emprendimiento femenino, por lo que se llev\u00f3 a cabo el programa de fortalecimiento econ\u00f3mico \u201cMujer Emprende\u201d en el que m\u00e1s de 40 mujeres recibieron las herramientas para mejorar sus negocios y llevarlos a buen puerto, fortaleci\u00e9ndose as\u00ed la comunidad local de emprendedoras.<\/p>\n<p>&nbsp;<\/p>\n<p>Al dirigirse a las emprendedoras, el presidente municipal de Jes\u00fas Mar\u00eda, Antonio Ar\u00e1mbula L\u00f3pez mencion\u00f3 que adem\u00e1s de los conocimientos para emprender y mejorar sus negocios, conocieron el poder que tienen para moldear su futuro y abrir caminos donde antes no hab\u00eda \u201cLas felicito por su dedicaci\u00f3n y su energ\u00eda, ustedes son esa fuerza que transforma comunidades\u201d dijo previo a la entrega de reconocimientos a todas las participantes.<\/p>\n<p>En este taller, que fue impartido por mujeres expertas, se abordaron temas como \u201cEncontrando mi prop\u00f3sito\u201d, \u201cRompiendo mis propias barreras\u201d, \u201cYo tambi\u00e9n genero econom\u00eda sustentable\u201d, \u201cLa magia de crear momentos memorables\u201d, \u201cEstoy lista para llegar a la meta\u201d y Yo trasciendo en mi comunidad\u201d.<\/p>\n<p>&nbsp;<\/p>\n<p>Cabe se\u00f1alar que este programa se realiza como resultado de la uni\u00f3n de esfuerzos entre el Gobierno Municipal de Jes\u00fas Mar\u00eda, a trav\u00e9s de la Instancia de la Mujer y del Instituto Aguascalentense de las Mujeres del Gobierno del Estado.<\/p>\n","protected":false},"excerpt":{"rendered":"<p>#informativoelvalledeaguascalientes #novaradioaguascalientes #informativoelvalledeaguascalientesll &nbsp; &nbsp; Contin\u00faan en el municipio de Jes\u00fas Mar\u00eda, las acciones para impulsar el emprendimiento femenino, por lo que se llev\u00f3 a cabo el programa de fortalecimiento econ\u00f3mico \u201cMujer Emprende\u201d en el que m\u00e1s de 40 mujeres recibieron las herramientas para mejorar sus negocios y llevarlos a buen puerto, fortaleci\u00e9ndose as\u00ed la [&hellip;]<\/p>\n","protected":false},"author":13383,"featured_media":60924,"comment_status":"closed","ping_status":"open","sticky":false,"template":"","format":"standard","meta":{"advanced_seo_description":"","jetpack_seo_html_title":"","jetpack_seo_noindex":false,"_jetpack_memberships_contains_paid_content":false,"footnotes":"","jetpack_publicize_message":"","jetpack_publicize_feature_enabled":true,"jetpack_social_post_already_shared":true,"jetpack_social_options":{"image_generator_settings":{"template":"highway","default_image_id":0,"font":"","enabled":false},"version":2}},"categories":[21,14],"tags":[22,45],"class_list":["post-60923","post","type-post","status-publish","format-standard","has-post-thumbnail","hentry","category-aguascalientes","category-jesus-maria-aguascalientes","tag-aguascalientes","tag-jesus-maria-aguascalientes"],"jetpack_publicize_connections":[],"jetpack_featured_media_url":"https:\/\/i0.wp.com\/informativoelvalledeaguascalientes.online\/wp-content\/uploads\/2024\/09\/IMG-20240918-WA0044.jpg?fit=1280%2C960&ssl=1","jetpack-related-posts":[],"jetpack_sharing_enabled":true,"jetpack_likes_enabled":true,"_links":{"self":[{"href":"https:\/\/informativoelvalledeaguascalientes.online\/index.php?rest_route=\/wp\/v2\/posts\/60923","targetHints":{"allow":["GET"]}}],"collection":[{"href":"https:\/\/informativoelvalledeaguascalientes.online\/index.php?rest_route=\/wp\/v2\/posts"}],"about":[{"href":"https:\/\/informativoelvalledeaguascalientes.online\/index.php?rest_route=\/wp\/v2\/types\/post"}],"author":[{"embeddable":true,"href":"https:\/\/informativoelvalledeaguascalientes.online\/index.php?rest_route=\/wp\/v2\/users\/13383"}],"replies":[{"embeddable":true,"href":"https:\/\/informativoelvalledeaguascalientes.online\/index.php?rest_route=%2Fwp%2Fv2%2Fcomments&post=60923"}],"version-history":[{"count":1,"href":"https:\/\/informativoelvalledeaguascalientes.online\/index.php?rest_route=\/wp\/v2\/posts\/60923\/revisions"}],"predecessor-version":[{"id":60925,"href":"https:\/\/informativoelvalledeaguascalientes.online\/index.php?rest_route=\/wp\/v2\/posts\/60923\/revisions\/60925"}],"wp:featuredmedia":[{"embeddable":true,"href":"https:\/\/informativoelvalledeaguascalientes.online\/index.php?rest_route=\/wp\/v2\/media\/60924"}],"wp:attachment":[{"href":"https:\/\/informativoelvalledeaguascalientes.online\/index.php?rest_route=%2Fwp%2Fv2%2Fmedia&parent=60923"}],"wp:term":[{"taxonomy":"category","embeddable":true,"href":"https:\/\/informativoelvalledeaguascalientes.online\/index.php?rest_route=%2Fwp%2Fv2%2Fcategories&post=60923"},{"taxonomy":"post_tag","embeddable":true,"href":"https:\/\/informativoelvalledeaguascalientes.online\/index.php?rest_route=%2Fwp%2Fv2%2Ftags&post=60923"}],"curies":[{"name":"wp","href":"https:\/\/api.w.org\/{rel}","templated":true}]}}