{"id":60871,"date":"2024-09-18T09:06:43","date_gmt":"2024-09-18T15:06:43","guid":{"rendered":"https:\/\/informativoelvalledeaguascalientes.online\/?p=60871"},"modified":"2024-09-18T12:09:17","modified_gmt":"2024-09-18T18:09:17","slug":"chava-alcala-asume-como-diputado-local-y-se-compromete-a-mejorar-aguascalientes","status":"publish","type":"post","link":"https:\/\/informativoelvalledeaguascalientes.online\/?p=60871","title":{"rendered":"&#8220;Chava Alcal\u00e1 asume como Diputado Local y se compromete a mejorar Aguascalientes&#8221;"},"content":{"rendered":"<p>#informativoelvalledeaguascalientes #novaradioaguascalientes #informativoelvalledeaguascalientesll<\/p>\n<p>&nbsp;<\/p>\n<p>&nbsp;<\/p>\n<p>Aguascalientes, 15 de septiembre de 2024<\/p>\n<p>&nbsp;<\/p>\n<p>Este domingo, Luis Salvador Alcal\u00e1 Dur\u00e1n, mejor conocido como Chava Alcal\u00e1, tom\u00f3 protesta como Diputado Local del Partido Acci\u00f3n Nacional (PAN) del Distrito 6 de Aguascalientes en la LXVI legislatura. Durante la ceremonia oficial, el diputado reafirm\u00f3 su compromiso con los ciudadanos y su dedicaci\u00f3n a las labores legislativas que servir\u00e1n para mejorar la calidad de vida de las y los aguascalentenses.<\/p>\n<p>&nbsp;<\/p>\n<p>Desde el inicio de su gesti\u00f3n, Alcal\u00e1 ha expresado que ser\u00e1 un diputado cercano a la gente, con una pol\u00edtica de puertas abiertas para escuchar y atender las necesidades de todos los sectores de la poblaci\u00f3n. Su enfoque en la participaci\u00f3n ciudadana busca fortalecer la relaci\u00f3n entre el Congreso y la comunidad, asegurando que cada decisi\u00f3n tenga un impacto positivo en la vida diaria de los habitantes.<\/p>\n<p>&nbsp;<\/p>\n<p>Uno de los pilares principales de su campa\u00f1a fue el apoyo a los emprendedores de todas las edades, con el objetivo de generar oportunidades para el desarrollo econ\u00f3mico y el bienestar social. A trav\u00e9s de pol\u00edticas p\u00fablicas que fomenten el emprendimiento y el crecimiento de negocios locales.<\/p>\n<p>&nbsp;<\/p>\n<p>El diputado est\u00e1 convencido de que su trabajo contribuir\u00e1 a obtener grandes resultados para el estado. Con una visi\u00f3n clara y el respaldo de la ciudadan\u00eda, con el objetivo de lograr avances significativos en temas clave como el fortalecimiento del empleo, la educaci\u00f3n y la seguridad.<\/p>\n<p>&nbsp;<\/p>\n<p>Chava Alcal\u00e1 invita a la poblaci\u00f3n a mantenerse involucrada en las decisiones que se tomen desde el Congreso y a participar activamente en la construcci\u00f3n de un mejor Aguascalientes para todos y todas.<\/p>\n","protected":false},"excerpt":{"rendered":"<p>#informativoelvalledeaguascalientes #novaradioaguascalientes #informativoelvalledeaguascalientesll &nbsp; &nbsp; Aguascalientes, 15 de septiembre de 2024 &nbsp; Este domingo, Luis Salvador Alcal\u00e1 Dur\u00e1n, mejor conocido como Chava Alcal\u00e1, tom\u00f3 protesta como Diputado Local del Partido Acci\u00f3n Nacional (PAN) del Distrito 6 de Aguascalientes en la LXVI legislatura. Durante la ceremonia oficial, el diputado reafirm\u00f3 su compromiso con los ciudadanos y [&hellip;]<\/p>\n","protected":false},"author":13383,"featured_media":60872,"comment_status":"closed","ping_status":"open","sticky":false,"template":"","format":"standard","meta":{"advanced_seo_description":"","jetpack_seo_html_title":"","jetpack_seo_noindex":false,"_jetpack_memberships_contains_paid_content":false,"footnotes":"","jetpack_publicize_message":"","jetpack_publicize_feature_enabled":true,"jetpack_social_post_already_shared":true,"jetpack_social_options":{"image_generator_settings":{"template":"highway","default_image_id":0,"font":"","enabled":false},"version":2}},"categories":[21,4],"tags":[22,615],"class_list":["post-60871","post","type-post","status-publish","format-standard","has-post-thumbnail","hentry","category-aguascalientes","category-gobierno-del-estado-aguascalientes","tag-aguascalientes","tag-gobierno-del-estado-de-aguascalientes"],"jetpack_publicize_connections":[],"jetpack_featured_media_url":"https:\/\/i0.wp.com\/informativoelvalledeaguascalientes.online\/wp-content\/uploads\/2024\/09\/IMG-20240918-WA0013.jpg?fit=1066%2C1600&ssl=1","jetpack-related-posts":[],"jetpack_sharing_enabled":true,"jetpack_likes_enabled":true,"_links":{"self":[{"href":"https:\/\/informativoelvalledeaguascalientes.online\/index.php?rest_route=\/wp\/v2\/posts\/60871","targetHints":{"allow":["GET"]}}],"collection":[{"href":"https:\/\/informativoelvalledeaguascalientes.online\/index.php?rest_route=\/wp\/v2\/posts"}],"about":[{"href":"https:\/\/informativoelvalledeaguascalientes.online\/index.php?rest_route=\/wp\/v2\/types\/post"}],"author":[{"embeddable":true,"href":"https:\/\/informativoelvalledeaguascalientes.online\/index.php?rest_route=\/wp\/v2\/users\/13383"}],"replies":[{"embeddable":true,"href":"https:\/\/informativoelvalledeaguascalientes.online\/index.php?rest_route=%2Fwp%2Fv2%2Fcomments&post=60871"}],"version-history":[{"count":1,"href":"https:\/\/informativoelvalledeaguascalientes.online\/index.php?rest_route=\/wp\/v2\/posts\/60871\/revisions"}],"predecessor-version":[{"id":60873,"href":"https:\/\/informativoelvalledeaguascalientes.online\/index.php?rest_route=\/wp\/v2\/posts\/60871\/revisions\/60873"}],"wp:featuredmedia":[{"embeddable":true,"href":"https:\/\/informativoelvalledeaguascalientes.online\/index.php?rest_route=\/wp\/v2\/media\/60872"}],"wp:attachment":[{"href":"https:\/\/informativoelvalledeaguascalientes.online\/index.php?rest_route=%2Fwp%2Fv2%2Fmedia&parent=60871"}],"wp:term":[{"taxonomy":"category","embeddable":true,"href":"https:\/\/informativoelvalledeaguascalientes.online\/index.php?rest_route=%2Fwp%2Fv2%2Fcategories&post=60871"},{"taxonomy":"post_tag","embeddable":true,"href":"https:\/\/informativoelvalledeaguascalientes.online\/index.php?rest_route=%2Fwp%2Fv2%2Ftags&post=60871"}],"curies":[{"name":"wp","href":"https:\/\/api.w.org\/{rel}","templated":true}]}}