{"id":60834,"date":"2024-09-16T12:18:56","date_gmt":"2024-09-16T18:18:56","guid":{"rendered":"https:\/\/informativoelvalledeaguascalientes.online\/?p=60834"},"modified":"2024-09-17T11:29:37","modified_gmt":"2024-09-17T17:29:37","slug":"calvillo-conmemora-el-ccxiv-aniversario-de-la-independencia-de-mexico-con-emotivo-acto-civico-y-desfile","status":"publish","type":"post","link":"https:\/\/informativoelvalledeaguascalientes.online\/?p=60834","title":{"rendered":"Calvillo conmemora el CCXIV Aniversario de la Independencia de M\u00e9xico con emotivo acto c\u00edvico y desfile"},"content":{"rendered":"<p>#informativoelvalledeaguascalientes #novaradioaguascalientes #informativoelvalledeaguascalientesll<\/p>\n<p>&nbsp;<\/p>\n<p>&nbsp;<\/p>\n<p>\ud83c\uddf2\ud83c\uddfd\u2705 \ud83e\ude96El Gobierno de Calvillo que encabeza el presidente municipal Daniel Romo Urrutia, realiz\u00f3 esta ma\u00f1ana de 16 de septiembre un acto c\u00edvico para conmemorar el CCXIV Aniversario de la Independencia de M\u00e9xico.<\/p>\n<p>Durante la ceremonia se realizaron los Honores a la bandera, se brind\u00f3 una rese\u00f1a hist\u00f3rica alusiva a esta celebraci\u00f3n, se enton\u00f3 el Himno Nacional Mexicano y se present\u00f3 un bailable t\u00edpico.<\/p>\n<p>Posteriormente se realiz\u00f3 por las principales calles de la cabecera municipal el tradicional Desfile C\u00edvico &#8211; Militar, los contingentes de las diversas instituciones educativas del municipio, el 8\/o Grupo de Infanter\u00eda Motorizado de Calvillo, elementos de la Seguridad P\u00fablica y Vialidad, Bomberos, Protecci\u00f3n Civil y Atenci\u00f3n Prehospitalaria, as\u00ed como charros, escaramuzas y carros cl\u00e1sicos desfilaron con gran orgullo nacional.<\/p>\n<p>#FiestasPatrias2024<br \/>\n#TierraQueTrasciende<\/p>\n","protected":false},"excerpt":{"rendered":"<p>#informativoelvalledeaguascalientes #novaradioaguascalientes #informativoelvalledeaguascalientesll &nbsp; &nbsp; \ud83c\uddf2\ud83c\uddfd\u2705 \ud83e\ude96El Gobierno de Calvillo que encabeza el presidente municipal Daniel Romo Urrutia, realiz\u00f3 esta ma\u00f1ana de 16 de septiembre un acto c\u00edvico para conmemorar el CCXIV Aniversario de la Independencia de M\u00e9xico. Durante la ceremonia se realizaron los Honores a la bandera, se brind\u00f3 una rese\u00f1a hist\u00f3rica alusiva a [&hellip;]<\/p>\n","protected":false},"author":13383,"featured_media":60835,"comment_status":"closed","ping_status":"open","sticky":false,"template":"","format":"standard","meta":{"advanced_seo_description":"","jetpack_seo_html_title":"","jetpack_seo_noindex":false,"_jetpack_memberships_contains_paid_content":false,"footnotes":"","jetpack_publicize_message":"","jetpack_publicize_feature_enabled":true,"jetpack_social_post_already_shared":true,"jetpack_social_options":{"image_generator_settings":{"template":"highway","default_image_id":0,"font":"","enabled":false},"version":2}},"categories":[21,13],"tags":[22,88,29],"class_list":["post-60834","post","type-post","status-publish","format-standard","has-post-thumbnail","hentry","category-aguascalientes","category-calvillo-aguascalientes","tag-aguascalientes","tag-calvillo","tag-calvillo-aguascalientes"],"jetpack_publicize_connections":[],"jetpack_featured_media_url":"https:\/\/i0.wp.com\/informativoelvalledeaguascalientes.online\/wp-content\/uploads\/2024\/09\/IMG-20240916-WA0061.jpg?fit=1280%2C853&ssl=1","jetpack-related-posts":[],"jetpack_sharing_enabled":true,"jetpack_likes_enabled":true,"_links":{"self":[{"href":"https:\/\/informativoelvalledeaguascalientes.online\/index.php?rest_route=\/wp\/v2\/posts\/60834","targetHints":{"allow":["GET"]}}],"collection":[{"href":"https:\/\/informativoelvalledeaguascalientes.online\/index.php?rest_route=\/wp\/v2\/posts"}],"about":[{"href":"https:\/\/informativoelvalledeaguascalientes.online\/index.php?rest_route=\/wp\/v2\/types\/post"}],"author":[{"embeddable":true,"href":"https:\/\/informativoelvalledeaguascalientes.online\/index.php?rest_route=\/wp\/v2\/users\/13383"}],"replies":[{"embeddable":true,"href":"https:\/\/informativoelvalledeaguascalientes.online\/index.php?rest_route=%2Fwp%2Fv2%2Fcomments&post=60834"}],"version-history":[{"count":1,"href":"https:\/\/informativoelvalledeaguascalientes.online\/index.php?rest_route=\/wp\/v2\/posts\/60834\/revisions"}],"predecessor-version":[{"id":60836,"href":"https:\/\/informativoelvalledeaguascalientes.online\/index.php?rest_route=\/wp\/v2\/posts\/60834\/revisions\/60836"}],"wp:featuredmedia":[{"embeddable":true,"href":"https:\/\/informativoelvalledeaguascalientes.online\/index.php?rest_route=\/wp\/v2\/media\/60835"}],"wp:attachment":[{"href":"https:\/\/informativoelvalledeaguascalientes.online\/index.php?rest_route=%2Fwp%2Fv2%2Fmedia&parent=60834"}],"wp:term":[{"taxonomy":"category","embeddable":true,"href":"https:\/\/informativoelvalledeaguascalientes.online\/index.php?rest_route=%2Fwp%2Fv2%2Fcategories&post=60834"},{"taxonomy":"post_tag","embeddable":true,"href":"https:\/\/informativoelvalledeaguascalientes.online\/index.php?rest_route=%2Fwp%2Fv2%2Ftags&post=60834"}],"curies":[{"name":"wp","href":"https:\/\/api.w.org\/{rel}","templated":true}]}}