{"id":60819,"date":"2024-09-16T12:42:31","date_gmt":"2024-09-16T18:42:31","guid":{"rendered":"https:\/\/informativoelvalledeaguascalientes.online\/?p=60819"},"modified":"2024-09-30T16:44:49","modified_gmt":"2024-09-30T22:44:49","slug":"tere-jimenez-encabeza-el-desfile-conmemorativo-del-214-aniversario-del-inicio-de-la-independencia-de-mexico","status":"publish","type":"post","link":"https:\/\/informativoelvalledeaguascalientes.online\/?p=60819","title":{"rendered":"TERE JIM\u00c9NEZ ENCABEZA EL DESFILE CONMEMORATIVO DEL 214 ANIVERSARIO DEL INICIO DE LA INDEPENDENCIA DE M\u00c9XICO"},"content":{"rendered":"<p>#informativoelvalledeaguascalientes #novaradioaguascalientes #informativoelvalledeaguascalientesll<\/p>\n<p>&nbsp;<\/p>\n<p>&nbsp;<\/p>\n<p>El desfile cont\u00f3 con la participaci\u00f3n de cerca de 4 mil personas de las principales corporaciones policiacas, cuerpos de emergencia, protecci\u00f3n civil y estudiantes<\/p>\n<p>&nbsp;<\/p>\n<p>Los contingentes iniciaron su marcha en las calles Madero y Morelos para continuar por la calle Galeana y culminar en la Av. Adolfo L\u00f3pez Mateos<\/p>\n<p>&nbsp;<\/p>\n<p>&nbsp;<\/p>\n<p>En un ambiente lleno de alegr\u00eda y patriotismo, la gobernadora de Aguascalientes, Tere Jim\u00e9nez, presidi\u00f3 el desfile c\u00edvico-militar conmemorativo del 214 Aniversario del Inicio de la Independencia de M\u00e9xico.<\/p>\n<p>&nbsp;<\/p>\n<p>&nbsp;<\/p>\n<p>Miles de personas se dieron cita en las principales calles del centro de la ciudad para apreciar el desfile en el que participaron las corporaciones policiacas, cuerpos de emergencia, protecci\u00f3n civil y estudiantes, sumando un total de 4 mil participantes.<\/p>\n<p>&nbsp;<\/p>\n<p>&nbsp;<\/p>\n<p>El evento dio inicio con la ceremonia de Honores a la Bandera en la Plaza Patria para, posteriormente, dar paso a los contingentes que iniciaron su marcha en las calles Madero y Morelos, para continuar por la calle Galeana y culminar en la Av. Adolfo L\u00f3pez Mateos.<\/p>\n<p>&nbsp;<\/p>\n<p>&nbsp;<\/p>\n<p>En total desfilaron 5 bandas de guerra, 2 mil 647 elementos del Ej\u00e9rcito, Guardia Nacional, Polic\u00eda Estatal y Municipal, Protecci\u00f3n Civil y Bomberos, Cruz Roja y \u00c1ngeles Verdes; mil 300 docentes y alumnos de diferentes planteles educativos de Aguascalientes, 50 carros, 347 veh\u00edculos terrestres, 1 helic\u00f3ptero, 12 drones, 81 caballos, 138 canes y 4 \u00e1guilas y halcones.<\/p>\n<p>&nbsp;<\/p>\n<p>&nbsp;<\/p>\n<p>En el desfile tambi\u00e9n estuvieron presentes el Sr. Luis Alberto Villarreal Garc\u00eda; Aurora Jim\u00e9nez Esquivel, presidenta del DIF Estatal; Juan Roberto S\u00e1nchez Fragoso, comandante de la 14\/a. Zona Militar; Juan Antonio Mart\u00edn del Campo, senador; Juan Rojas Garc\u00eda, magistrado presidente del Supremo Tribunal de Justicia del Estado; la diputada Nancy Jeanette Guti\u00e9rrez Ruvalcaba, presidenta de la Mesa Directiva del H. Congreso del Estado; el presidente municipal de Aguascalientes, Leonardo Monta\u00f1ez Castro; Manuel Alonso Garc\u00eda, secretario de Seguridad P\u00fablica del Estado; Arody Salvador Lorenzo Bautista, coordinador estatal de la Guardia Nacional; Florentino de Jes\u00fas Reyes Berlie, secretario general de Gobierno; Luis Enrique Guti\u00e9rrez Reynoso, director del Instituto de Educaci\u00f3n de Aguascalientes; Antonio Mart\u00ednez Romo, secretario de Seguridad P\u00fablica del Municipio de Aguascalientes, entre otras autoridades.<\/p>\n<p>&nbsp;<\/p>\n","protected":false},"excerpt":{"rendered":"<p>#informativoelvalledeaguascalientes #novaradioaguascalientes #informativoelvalledeaguascalientesll &nbsp; &nbsp; El desfile cont\u00f3 con la participaci\u00f3n de cerca de 4 mil personas de las principales corporaciones policiacas, cuerpos de emergencia, protecci\u00f3n civil y estudiantes &nbsp; Los contingentes iniciaron su marcha en las calles Madero y Morelos para continuar por la calle Galeana y culminar en la Av. Adolfo L\u00f3pez Mateos [&hellip;]<\/p>\n","protected":false},"author":13383,"featured_media":61183,"comment_status":"closed","ping_status":"open","sticky":false,"template":"","format":"standard","meta":{"advanced_seo_description":"","jetpack_seo_html_title":"","jetpack_seo_noindex":false,"_jetpack_memberships_contains_paid_content":false,"footnotes":"","jetpack_publicize_message":"","jetpack_publicize_feature_enabled":true,"jetpack_social_post_already_shared":true,"jetpack_social_options":{"image_generator_settings":{"template":"highway","default_image_id":0,"font":"","enabled":false},"version":2}},"categories":[21,4],"tags":[22,615,320],"class_list":["post-60819","post","type-post","status-publish","format-standard","has-post-thumbnail","hentry","category-aguascalientes","category-gobierno-del-estado-aguascalientes","tag-aguascalientes","tag-gobierno-del-estado-de-aguascalientes","tag-tere-jimenez"],"jetpack_publicize_connections":[],"jetpack_featured_media_url":"https:\/\/i0.wp.com\/informativoelvalledeaguascalientes.online\/wp-content\/uploads\/2024\/09\/tj-16-se2024.jpeg?fit=1600%2C1078&ssl=1","jetpack-related-posts":[],"jetpack_sharing_enabled":true,"jetpack_likes_enabled":true,"_links":{"self":[{"href":"https:\/\/informativoelvalledeaguascalientes.online\/index.php?rest_route=\/wp\/v2\/posts\/60819","targetHints":{"allow":["GET"]}}],"collection":[{"href":"https:\/\/informativoelvalledeaguascalientes.online\/index.php?rest_route=\/wp\/v2\/posts"}],"about":[{"href":"https:\/\/informativoelvalledeaguascalientes.online\/index.php?rest_route=\/wp\/v2\/types\/post"}],"author":[{"embeddable":true,"href":"https:\/\/informativoelvalledeaguascalientes.online\/index.php?rest_route=\/wp\/v2\/users\/13383"}],"replies":[{"embeddable":true,"href":"https:\/\/informativoelvalledeaguascalientes.online\/index.php?rest_route=%2Fwp%2Fv2%2Fcomments&post=60819"}],"version-history":[{"count":1,"href":"https:\/\/informativoelvalledeaguascalientes.online\/index.php?rest_route=\/wp\/v2\/posts\/60819\/revisions"}],"predecessor-version":[{"id":60821,"href":"https:\/\/informativoelvalledeaguascalientes.online\/index.php?rest_route=\/wp\/v2\/posts\/60819\/revisions\/60821"}],"wp:featuredmedia":[{"embeddable":true,"href":"https:\/\/informativoelvalledeaguascalientes.online\/index.php?rest_route=\/wp\/v2\/media\/61183"}],"wp:attachment":[{"href":"https:\/\/informativoelvalledeaguascalientes.online\/index.php?rest_route=%2Fwp%2Fv2%2Fmedia&parent=60819"}],"wp:term":[{"taxonomy":"category","embeddable":true,"href":"https:\/\/informativoelvalledeaguascalientes.online\/index.php?rest_route=%2Fwp%2Fv2%2Fcategories&post=60819"},{"taxonomy":"post_tag","embeddable":true,"href":"https:\/\/informativoelvalledeaguascalientes.online\/index.php?rest_route=%2Fwp%2Fv2%2Ftags&post=60819"}],"curies":[{"name":"wp","href":"https:\/\/api.w.org\/{rel}","templated":true}]}}