{"id":60816,"date":"2024-09-16T01:40:22","date_gmt":"2024-09-16T07:40:22","guid":{"rendered":"https:\/\/informativoelvalledeaguascalientes.online\/?p=60816"},"modified":"2024-09-30T16:49:42","modified_gmt":"2024-09-30T22:49:42","slug":"tere-jimenez-encabeza-la-celebracion-del-grito-de-independencia-en-aguascalientes","status":"publish","type":"post","link":"https:\/\/informativoelvalledeaguascalientes.online\/?p=60816","title":{"rendered":"TERE JIM\u00c9NEZ ENCABEZA LA CELEBRACI\u00d3N DEL GRITO DE INDEPENDENCIA EN AGUASCALIENTES"},"content":{"rendered":"<p>#informativoelvalledeaguascalientes #novaradioaguascalientes #informativoelvalledeaguascalientesll<\/p>\n<p>&nbsp;<\/p>\n<p>&nbsp;<\/p>\n<p>\u00a1Viva la libertad!, \u00a1Viva la paz y la tranquilidad de nuestros pueblos!, \u00a1Viva la unidad de M\u00e9xico!, \u00a1Viva el Gigante de M\u00e9xico!, \u00a1Viva Aguascalientes!, \u00a1Viva M\u00e9xico!, grit\u00f3 la gobernadora<\/p>\n<p>&nbsp;<\/p>\n<p>&nbsp;<\/p>\n<p>Frente a miles de personas y en medio de un ambiente festivo y fervor patrio, Tere Jim\u00e9nez, gobernadora de Aguascalientes, dio el tradicional Grito de Independencia desde el balc\u00f3n central de Palacio de Gobierno.<\/p>\n<p>&nbsp;<\/p>\n<p>&nbsp;<\/p>\n<p>La celebraci\u00f3n comenz\u00f3 desde las 5:00 de la tarde en la Plaza Patria, con mariachi en vivo, danza folcl\u00f3rica, int\u00e9rpretes de m\u00fasica mexicana y bocadillos que recibieron completamente gratis.<\/p>\n<p>&nbsp;<\/p>\n<p>&nbsp;<\/p>\n<p>A las 7:00 de la noche, el Palacio de Gobierno abri\u00f3 sus puertas para ofrecer a los asistentes una variedad de antojitos mexicanos gratuitos y m\u00fasica en vivo; se ofrecieron tamales, pozole, aguas frescas y dulces t\u00edpicos, permitiendo a todos disfrutar de estas delicias. Cabe destacar que es la segunda ocasi\u00f3n que se abre este recinto para celebrar la fiesta nacional.<\/p>\n<p>&nbsp;<\/p>\n<p>&nbsp;<\/p>\n<p>Ana Mar\u00eda Montoya expres\u00f3 su entusiasmo por poder vivir esta experiencia en familia. \u201cTodo muy rico, me encant\u00f3 la variedad y el ambiente familiar. Es una oportunidad \u00fanica para disfrutar esta celebraci\u00f3n en grande\u201d, mencion\u00f3.<\/p>\n<p>&nbsp;<\/p>\n<p>&nbsp;<\/p>\n<p>En punto de las 10:00 de la noche y ante miles de personas que se congregaron en la Plaza Patria para conmemorar el 214 aniversario de este evento hist\u00f3rico, la gobernadora Tere Jim\u00e9nez, acompa\u00f1ada de autoridades, se dirigi\u00f3 hacia el balc\u00f3n principal del Palacio de Gobierno, desde donde vitore\u00f3 a los h\u00e9roes que nos dieron patria y libertad.<\/p>\n<p>&nbsp;<\/p>\n<p>&nbsp;<\/p>\n<p>\u00a1Viva la libertad!, \u00a1Viva la paz y la tranquilidad de nuestros pueblos!, \u00a1Viva la unidad de M\u00e9xico!, \u00a1Viva el Gigante de M\u00e9xico!, \u00a1Viva Aguascalientes!, \u00a1Viva M\u00e9xico! grit\u00f3 la gobernadora mientras ondeaba la bandera nacional, al mismo tiempo que sonaron las campanas.<\/p>\n<p>&nbsp;<\/p>\n<p>&nbsp;<\/p>\n<p>Despu\u00e9s comenz\u00f3 a escucharse el Himno Nacional Mexicano, todos los asistentes y autoridades entonaron con orgullo cada estrofa, uniendo sus voces en un momento de profunda emoci\u00f3n y patriotismo, para luego presenciar un espect\u00e1culo de juegos pirot\u00e9cnicos que iluminaron el cielo en el centro de la ciudad.<\/p>\n<p>&nbsp;<\/p>\n<p>&nbsp;<\/p>\n<p>Esta gran fiesta patria concluy\u00f3 con el concierto de Lucero y Mijares, que ofrecieron un espect\u00e1culo inolvidable, interpretando sus m\u00e1s grandes \u00e9xitos como \u201cEl privilegio de amar\u201d, \u201cPara amarnos m\u00e1s\u201d, \u201cSe nos muri\u00f3 el amor\u201d, \u201cSi me ten\u00edas\u201d, entre otros, convirtiendo la noche en una experiencia que quedar\u00e1 grabada en el coraz\u00f3n de todas y todos los presentes.<\/p>\n<p>&nbsp;<\/p>\n<p>&nbsp;<\/p>\n<p>Cabe destacar que gracias al operativo de seguridad que se implement\u00f3, la fiesta se desarroll\u00f3 en un ambiente de paz y tranquilidad.<\/p>\n","protected":false},"excerpt":{"rendered":"<p>#informativoelvalledeaguascalientes #novaradioaguascalientes #informativoelvalledeaguascalientesll &nbsp; &nbsp; \u00a1Viva la libertad!, \u00a1Viva la paz y la tranquilidad de nuestros pueblos!, \u00a1Viva la unidad de M\u00e9xico!, \u00a1Viva el Gigante de M\u00e9xico!, \u00a1Viva Aguascalientes!, \u00a1Viva M\u00e9xico!, grit\u00f3 la gobernadora &nbsp; &nbsp; Frente a miles de personas y en medio de un ambiente festivo y fervor patrio, Tere Jim\u00e9nez, gobernadora de [&hellip;]<\/p>\n","protected":false},"author":13383,"featured_media":61184,"comment_status":"closed","ping_status":"open","sticky":false,"template":"","format":"standard","meta":{"advanced_seo_description":"","jetpack_seo_html_title":"","jetpack_seo_noindex":false,"_jetpack_memberships_contains_paid_content":false,"footnotes":"","jetpack_publicize_message":"","jetpack_publicize_feature_enabled":true,"jetpack_social_post_already_shared":true,"jetpack_social_options":{"image_generator_settings":{"template":"highway","default_image_id":0,"font":"","enabled":false},"version":2}},"categories":[21,4],"tags":[22,615,320],"class_list":["post-60816","post","type-post","status-publish","format-standard","has-post-thumbnail","hentry","category-aguascalientes","category-gobierno-del-estado-aguascalientes","tag-aguascalientes","tag-gobierno-del-estado-de-aguascalientes","tag-tere-jimenez"],"jetpack_publicize_connections":[],"jetpack_featured_media_url":"https:\/\/i0.wp.com\/informativoelvalledeaguascalientes.online\/wp-content\/uploads\/2024\/09\/tj-15-sep-2024-scaled.jpg?fit=2560%2C1440&ssl=1","jetpack-related-posts":[],"jetpack_sharing_enabled":true,"jetpack_likes_enabled":true,"_links":{"self":[{"href":"https:\/\/informativoelvalledeaguascalientes.online\/index.php?rest_route=\/wp\/v2\/posts\/60816","targetHints":{"allow":["GET"]}}],"collection":[{"href":"https:\/\/informativoelvalledeaguascalientes.online\/index.php?rest_route=\/wp\/v2\/posts"}],"about":[{"href":"https:\/\/informativoelvalledeaguascalientes.online\/index.php?rest_route=\/wp\/v2\/types\/post"}],"author":[{"embeddable":true,"href":"https:\/\/informativoelvalledeaguascalientes.online\/index.php?rest_route=\/wp\/v2\/users\/13383"}],"replies":[{"embeddable":true,"href":"https:\/\/informativoelvalledeaguascalientes.online\/index.php?rest_route=%2Fwp%2Fv2%2Fcomments&post=60816"}],"version-history":[{"count":1,"href":"https:\/\/informativoelvalledeaguascalientes.online\/index.php?rest_route=\/wp\/v2\/posts\/60816\/revisions"}],"predecessor-version":[{"id":60818,"href":"https:\/\/informativoelvalledeaguascalientes.online\/index.php?rest_route=\/wp\/v2\/posts\/60816\/revisions\/60818"}],"wp:featuredmedia":[{"embeddable":true,"href":"https:\/\/informativoelvalledeaguascalientes.online\/index.php?rest_route=\/wp\/v2\/media\/61184"}],"wp:attachment":[{"href":"https:\/\/informativoelvalledeaguascalientes.online\/index.php?rest_route=%2Fwp%2Fv2%2Fmedia&parent=60816"}],"wp:term":[{"taxonomy":"category","embeddable":true,"href":"https:\/\/informativoelvalledeaguascalientes.online\/index.php?rest_route=%2Fwp%2Fv2%2Fcategories&post=60816"},{"taxonomy":"post_tag","embeddable":true,"href":"https:\/\/informativoelvalledeaguascalientes.online\/index.php?rest_route=%2Fwp%2Fv2%2Ftags&post=60816"}],"curies":[{"name":"wp","href":"https:\/\/api.w.org\/{rel}","templated":true}]}}