{"id":60801,"date":"2024-09-16T10:25:05","date_gmt":"2024-09-16T16:25:05","guid":{"rendered":"https:\/\/informativoelvalledeaguascalientes.online\/?p=60801"},"modified":"2024-09-17T08:28:11","modified_gmt":"2024-09-17T14:28:11","slug":"participa-en-el-taller-de-edicion-audiovisual","status":"publish","type":"post","link":"https:\/\/informativoelvalledeaguascalientes.online\/?p=60801","title":{"rendered":"PARTICIPA EN EL TALLER DE EDICI\u00d3N AUDIOVISUAL"},"content":{"rendered":"<p>#informativoelvalledeaguascalientes #novaradioaguascalientes #informativoelvalledeaguascalientesll<\/p>\n<p>&nbsp;<\/p>\n<p>&nbsp;<\/p>\n<p>El Instituto Cultural de Aguascalientes (ICA) invita al Taller de edici\u00f3n audiovisual que tiene como objetivo explorar los principios fundamentales de la edici\u00f3n audiovisual, dando a conocer las principales t\u00e9cnicas y herramientas que se usan hoy en d\u00eda para elaborar las m\u00e1s recientes pel\u00edculas de ficci\u00f3n, documentales y series.<\/p>\n<p>&nbsp;<\/p>\n<p>Est\u00e1 dirigido a realizadores audiovisuales, cineastas, comunicadores y al p\u00fablico interesado en la edici\u00f3n audiovisual, que sean mayores de 18 a\u00f1os y tengan una base de conocimiento en el tema.<\/p>\n<p>&nbsp;<\/p>\n<p>Ser\u00e1 impartido por Joaquim Mart\u00ed Marqu\u00e8s (Barcelona) graduado en la especialidad de Montaje y Postproducci\u00f3n por la Escuela Superior en Cine y Audiovisuales (ESCAC) y la Universidad de Barcelona (UB). Ha trabajado como sonidista y videoassist en producciones comerciales, como editor y postproductor de diversos largometrajes documentales, entre ellos Free Tibet (2004), por el que recibe el reconocimiento de Pantalla de Cristal a la Mejor Postproducci\u00f3n en 2005. Ha colaborado tambi\u00e9n en el largometraje documental Perdida (2011) de Viviana Garc\u00eda Besn\u00e9, y el m\u00e1s reciente El \u00faltimo viaje (2024) de Rodolfo Santamar\u00eda.<\/p>\n<p>&nbsp;<\/p>\n<p>En 2008 edita su primer largometraje de ficci\u00f3n, Oveja Negra (2009), por el que recibe la nominaci\u00f3n a Mejor Edici\u00f3n en los Premios Ariel de 2010. A\u00f1os m\u00e1s tarde edita Vuelven (2017) dirigida por Issa L\u00f3pez, por la que recibe su segunda nominaci\u00f3n a los Ariel. A lo largo de su carrera ha colaborado en m\u00e1s de una treintena de proyectos incluyendo Una pel\u00edcula de huevos y un pollo (2009), I Hate Love (2012), Camino a Marte (2017), Detr\u00e1s de la Monta\u00f1a (2018), Como Novio de Pueblo (2019), Matando Cabos 2 (2021), B\u00fanker (2022) o El juego de las llaves (2021-2024); teniendo la oportunidad de trabajar m\u00e1s recientemente en series y para plataformas como Netflix, Amazon Prime, HBO y Peacock.<\/p>\n<p>&nbsp;<\/p>\n<p>El taller se llevar\u00e1 a cabo de manera virtual los d\u00edas 9, 10, 11, 12, 14, 15 y 16 de octubre, en horario de 16:30 a 19:30 horas.<\/p>\n<p>&nbsp;<\/p>\n<p>Para inscribirse es necesario enviar al correo ica.sectoraudiovisual@gmail.com los siguientes datos: nombre completo, tel\u00e9fono de contacto, edad y exposici\u00f3n de motivos, en el asunto mencionar Taller de Edici\u00f3n. Mayores informes 449 910 20 10 Ext. 4017 y 4002.<\/p>\n","protected":false},"excerpt":{"rendered":"<p>#informativoelvalledeaguascalientes #novaradioaguascalientes #informativoelvalledeaguascalientesll &nbsp; &nbsp; El Instituto Cultural de Aguascalientes (ICA) invita al Taller de edici\u00f3n audiovisual que tiene como objetivo explorar los principios fundamentales de la edici\u00f3n audiovisual, dando a conocer las principales t\u00e9cnicas y herramientas que se usan hoy en d\u00eda para elaborar las m\u00e1s recientes pel\u00edculas de ficci\u00f3n, documentales y series. &nbsp; [&hellip;]<\/p>\n","protected":false},"author":13383,"featured_media":60802,"comment_status":"closed","ping_status":"open","sticky":false,"template":"","format":"standard","meta":{"advanced_seo_description":"","jetpack_seo_html_title":"","jetpack_seo_noindex":false,"_jetpack_memberships_contains_paid_content":false,"footnotes":"","jetpack_publicize_message":"","jetpack_publicize_feature_enabled":true,"jetpack_social_post_already_shared":true,"jetpack_social_options":{"image_generator_settings":{"template":"highway","default_image_id":0,"font":"","enabled":false},"version":2}},"categories":[21,4],"tags":[22,615,52],"class_list":["post-60801","post","type-post","status-publish","format-standard","has-post-thumbnail","hentry","category-aguascalientes","category-gobierno-del-estado-aguascalientes","tag-aguascalientes","tag-gobierno-del-estado-de-aguascalientes","tag-ica"],"jetpack_publicize_connections":[],"jetpack_featured_media_url":"https:\/\/i0.wp.com\/informativoelvalledeaguascalientes.online\/wp-content\/uploads\/2024\/09\/IMG-20240916-WA0027.jpg?fit=1600%2C1600&ssl=1","jetpack-related-posts":[],"jetpack_sharing_enabled":true,"jetpack_likes_enabled":true,"_links":{"self":[{"href":"https:\/\/informativoelvalledeaguascalientes.online\/index.php?rest_route=\/wp\/v2\/posts\/60801","targetHints":{"allow":["GET"]}}],"collection":[{"href":"https:\/\/informativoelvalledeaguascalientes.online\/index.php?rest_route=\/wp\/v2\/posts"}],"about":[{"href":"https:\/\/informativoelvalledeaguascalientes.online\/index.php?rest_route=\/wp\/v2\/types\/post"}],"author":[{"embeddable":true,"href":"https:\/\/informativoelvalledeaguascalientes.online\/index.php?rest_route=\/wp\/v2\/users\/13383"}],"replies":[{"embeddable":true,"href":"https:\/\/informativoelvalledeaguascalientes.online\/index.php?rest_route=%2Fwp%2Fv2%2Fcomments&post=60801"}],"version-history":[{"count":1,"href":"https:\/\/informativoelvalledeaguascalientes.online\/index.php?rest_route=\/wp\/v2\/posts\/60801\/revisions"}],"predecessor-version":[{"id":60803,"href":"https:\/\/informativoelvalledeaguascalientes.online\/index.php?rest_route=\/wp\/v2\/posts\/60801\/revisions\/60803"}],"wp:featuredmedia":[{"embeddable":true,"href":"https:\/\/informativoelvalledeaguascalientes.online\/index.php?rest_route=\/wp\/v2\/media\/60802"}],"wp:attachment":[{"href":"https:\/\/informativoelvalledeaguascalientes.online\/index.php?rest_route=%2Fwp%2Fv2%2Fmedia&parent=60801"}],"wp:term":[{"taxonomy":"category","embeddable":true,"href":"https:\/\/informativoelvalledeaguascalientes.online\/index.php?rest_route=%2Fwp%2Fv2%2Fcategories&post=60801"},{"taxonomy":"post_tag","embeddable":true,"href":"https:\/\/informativoelvalledeaguascalientes.online\/index.php?rest_route=%2Fwp%2Fv2%2Ftags&post=60801"}],"curies":[{"name":"wp","href":"https:\/\/api.w.org\/{rel}","templated":true}]}}