{"id":60783,"date":"2024-09-13T17:21:30","date_gmt":"2024-09-13T23:21:30","guid":{"rendered":"https:\/\/informativoelvalledeaguascalientes.online\/?p=60783"},"modified":"2024-09-15T11:23:17","modified_gmt":"2024-09-15T17:23:17","slug":"listo-operativo-vial-y-de-seguridad-para-los-festejos-patrios-en-el-municipio-de-jesus-maria","status":"publish","type":"post","link":"https:\/\/informativoelvalledeaguascalientes.online\/?p=60783","title":{"rendered":"LISTO OPERATIVO VIAL Y DE SEGURIDAD PARA LOS FESTEJOS PATRIOS EN EL MUNICIPIO DE JES\u00daS MAR\u00cdA"},"content":{"rendered":"<p>#informativoelvalledeaguascalientes #novaradioaguascalientes #informativoelvalledeaguascalientesll<\/p>\n<p>&nbsp;<\/p>\n<p>&nbsp;<\/p>\n<p>\u2022 Habr\u00e1 cierres viales por el Desfile de Independencia<\/p>\n<p>\u2022 El H. Ayuntamiento informa que habr\u00e1 Ley Seca el 16 de septiembre<\/p>\n<p>&nbsp;<\/p>\n<p>&nbsp;<\/p>\n<p>Ya se encuentra listo el operativo que implementar\u00e1 la Secretar\u00eda de Seguridad P\u00fablica y Vialidad del Municipio de Jes\u00fas Mar\u00eda con motivo de los festejos patrios, de manera que la ciudadan\u00eda podr\u00e1 disfrutar de todas las actividades en un entorno de seguridad y un ambiente familiar.<\/p>\n<p>&nbsp;<\/p>\n<p>En este sentido el secretario de Seguridad P\u00fablica y de Vialidad de Jes\u00fas Mar\u00eda, Crisp\u00edn Jes\u00fas Orozco, inform\u00f3 que polic\u00edas municipales de los distintos grupos operativos, as\u00ed como elementos de la Guardia Civil Municipal estar\u00e1n presentes en el primer cuadro del municipio para mantener el orden, evitar disturbios y brindar apoyo a quien lo requiera, lo anterior sin descuidar la vigilancia en el resto del municipio.<\/p>\n<p>&nbsp;<\/p>\n<p>Agreg\u00f3, que el d\u00eda 16 de septiembre se llevar\u00e1 a cabo el Desfile de Independencia, de manera que se efectuar\u00e1n algunos cierres viales, iniciando el despeje vehicular a partir de las 06:00 horas y el cierre de calles alrededor de las 07:40 horas, toda vez que el desfile dar\u00e1 inicio a las 09:00 y finalizar\u00e1 alrededor de las 11:30 horas.<\/p>\n<p>&nbsp;<\/p>\n<p>Se\u00f1al\u00f3, que el recorrido se efectuar\u00e1 por la calle Matamoros, Ni\u00e1gara, Guadalupe Victoria, Emiliano Zapata y el despliegue sobre Centenario entre J. Mina y Hern\u00e1ndez.<\/p>\n<p>&nbsp;<\/p>\n<p>Como v\u00edas alternas se sugiere a los automovilistas circular por la calle Emiliano Zapata, para incorporarse a Benigno Ch\u00e1vez, la avenida Constituci\u00f3n y retornar por Centenario y Beltr\u00e1n hasta la avenida San Lorenzo.<\/p>\n<p>&nbsp;<\/p>\n<p>Para la ruta sur, se recomienda tomar la avenida Paseo de los Chicahuales, Julio Cadena y\/o Benigno Ch\u00e1vez; o como segunda opci\u00f3n, Paseo de los Chicahuales, avenida San Lorenzo, calle Ni\u00e1gara para despu\u00e9s tomar Allende y Avenida Constituci\u00f3n.<\/p>\n<p>&nbsp;<\/p>\n<p>Por otro lado, el secretario del Ayuntamiento de Jes\u00fas Mar\u00eda, Refugio Mu\u00f1oz, inform\u00f3 que con motivo de la conmemoraci\u00f3n del inicio de la Independencia de M\u00e9xico, se establecer\u00e1 Ley Seca el lunes 16 de septiembre del presente a\u00f1o, desde las 03:00 hasta las 14:00 horas del mismo d\u00eda.<\/p>\n<p>&nbsp;<\/p>\n<p>Agreg\u00f3, que ser\u00e1 la Direcci\u00f3n de Reglamentos la encargada de verificar que los establecimientos cumplan con la normativa, por lo que se implementar\u00e1 un operativo de supervisi\u00f3n.<\/p>\n","protected":false},"excerpt":{"rendered":"<p>#informativoelvalledeaguascalientes #novaradioaguascalientes #informativoelvalledeaguascalientesll &nbsp; &nbsp; \u2022 Habr\u00e1 cierres viales por el Desfile de Independencia \u2022 El H. Ayuntamiento informa que habr\u00e1 Ley Seca el 16 de septiembre &nbsp; &nbsp; Ya se encuentra listo el operativo que implementar\u00e1 la Secretar\u00eda de Seguridad P\u00fablica y Vialidad del Municipio de Jes\u00fas Mar\u00eda con motivo de los festejos patrios, [&hellip;]<\/p>\n","protected":false},"author":13383,"featured_media":60784,"comment_status":"closed","ping_status":"open","sticky":false,"template":"","format":"standard","meta":{"advanced_seo_description":"","jetpack_seo_html_title":"","jetpack_seo_noindex":false,"_jetpack_memberships_contains_paid_content":false,"footnotes":"","jetpack_publicize_message":"","jetpack_publicize_feature_enabled":true,"jetpack_social_post_already_shared":true,"jetpack_social_options":{"image_generator_settings":{"template":"highway","default_image_id":0,"font":"","enabled":false},"version":2}},"categories":[21,14],"tags":[22,45],"class_list":["post-60783","post","type-post","status-publish","format-standard","has-post-thumbnail","hentry","category-aguascalientes","category-jesus-maria-aguascalientes","tag-aguascalientes","tag-jesus-maria-aguascalientes"],"jetpack_publicize_connections":[],"jetpack_featured_media_url":"https:\/\/i0.wp.com\/informativoelvalledeaguascalientes.online\/wp-content\/uploads\/2024\/09\/IMG-20240913-WA0139-scaled.jpg?fit=2560%2C1702&ssl=1","jetpack-related-posts":[],"jetpack_sharing_enabled":true,"jetpack_likes_enabled":true,"_links":{"self":[{"href":"https:\/\/informativoelvalledeaguascalientes.online\/index.php?rest_route=\/wp\/v2\/posts\/60783","targetHints":{"allow":["GET"]}}],"collection":[{"href":"https:\/\/informativoelvalledeaguascalientes.online\/index.php?rest_route=\/wp\/v2\/posts"}],"about":[{"href":"https:\/\/informativoelvalledeaguascalientes.online\/index.php?rest_route=\/wp\/v2\/types\/post"}],"author":[{"embeddable":true,"href":"https:\/\/informativoelvalledeaguascalientes.online\/index.php?rest_route=\/wp\/v2\/users\/13383"}],"replies":[{"embeddable":true,"href":"https:\/\/informativoelvalledeaguascalientes.online\/index.php?rest_route=%2Fwp%2Fv2%2Fcomments&post=60783"}],"version-history":[{"count":1,"href":"https:\/\/informativoelvalledeaguascalientes.online\/index.php?rest_route=\/wp\/v2\/posts\/60783\/revisions"}],"predecessor-version":[{"id":60785,"href":"https:\/\/informativoelvalledeaguascalientes.online\/index.php?rest_route=\/wp\/v2\/posts\/60783\/revisions\/60785"}],"wp:featuredmedia":[{"embeddable":true,"href":"https:\/\/informativoelvalledeaguascalientes.online\/index.php?rest_route=\/wp\/v2\/media\/60784"}],"wp:attachment":[{"href":"https:\/\/informativoelvalledeaguascalientes.online\/index.php?rest_route=%2Fwp%2Fv2%2Fmedia&parent=60783"}],"wp:term":[{"taxonomy":"category","embeddable":true,"href":"https:\/\/informativoelvalledeaguascalientes.online\/index.php?rest_route=%2Fwp%2Fv2%2Fcategories&post=60783"},{"taxonomy":"post_tag","embeddable":true,"href":"https:\/\/informativoelvalledeaguascalientes.online\/index.php?rest_route=%2Fwp%2Fv2%2Ftags&post=60783"}],"curies":[{"name":"wp","href":"https:\/\/api.w.org\/{rel}","templated":true}]}}