{"id":60777,"date":"2024-09-12T13:24:24","date_gmt":"2024-09-12T19:24:24","guid":{"rendered":"https:\/\/informativoelvalledeaguascalientes.online\/?p=60777"},"modified":"2024-09-13T15:27:53","modified_gmt":"2024-09-13T21:27:53","slug":"inauguracion-de-la-exposicion-pictorica-los-delirios-de-sisifo","status":"publish","type":"post","link":"https:\/\/informativoelvalledeaguascalientes.online\/?p=60777","title":{"rendered":"INAUGURACI\u00d3N DE LA EXPOSICI\u00d3N PICT\u00d3RICA \u201cLOS DELIRIOS DE S\u00cdSIFO\u201d"},"content":{"rendered":"<p>#informativoelvalledeaguascalientes<\/p>\n<p>#novaradioaguascalientes<\/p>\n<p>#informativoelvalledeaguascalientesll<\/p>\n<p>&nbsp;<\/p>\n<p>&nbsp;<\/p>\n<p>El Instituto Cultural de Aguascalientes invita a la inauguraci\u00f3n de la exposici\u00f3n pict\u00f3rica \u201cLos Delirios de S\u00edsifo\u201d, de Luis Fernando M\u00e1rquez Ponxx, que se llevar\u00e1 a cabo el jueves 19 de septiembre a las 20:00 horas en la Galer\u00eda Ex-Escuela de Cristo.<\/p>\n<p>Esta exposici\u00f3n se conforma de pinturas que son una interpretaci\u00f3n que el artista realiza del mito de S\u00edsifo, 10 delirios y 11 visiones que el personaje mitol\u00f3gico experimenta durante el castigo impuesto por los dioses griegos: rodar una piedra cuesta arriba con la esperanza de poder ver y tocar una cumbre, aunque sea por un solo instante.<\/p>\n<p>Luis Fernando M\u00e1rquez Ponxx naci\u00f3 en Aguascalientes, es egresado de la Licenciatura en Artes Visuales de la Universidad de las Artes y ha recibido importantes reconocimientos y premios, entre los que se encuentran: Reconocimiento por la realizaci\u00f3n del video de animaci\u00f3n conmemorativo para el Concurso Nacional de Grabado Jos\u00e9 Guadalupe Posada (Aguascalientes, 2007); Premio del Fondo Estatal para la Cultura y las Artes (Aguascalientes, 2008) con el cortometraje \u201cCabeza de Monstruo\u201d; selecci\u00f3n en la II Bienal de Pintura Pedro Coronel (Zacatecas, 2010); Premio A.L.E.R.T.A. del Instituto Municipal Aguascalentense para la Cultura (2012); menci\u00f3n honor\u00edfica en la 7.a Bienal de Dibujo y Pintura Enrique Guzm\u00e1n (Aguascalientes, 2016), y Premio del Programa de Est\u00edmulo a la Creaci\u00f3n y al Desarrollo Art\u00edstico Aguascalientes (PECDA 2017-2018).<\/p>\n<p>Ha realizado varias exposiciones colectivas e individuales, algunas de estas son: \u201cLa Terra ha Bisogno degli Uomini\u201d (colectiva, 2010) en Caserta, Italia; \u201cPonxx\u2013G\u00f3tico Mexicano\u201d (individual, 2012) en Roma, Italia; \u201cPintura Disognanti\u201d (colectiva, 2011) en el Forte Prenestino en Roma, Italia; \u201c9a Edizione della Giornata del Contemporaneo\u201d (colectiva, 2013) en Roma, Italia; \u201cLos textos de Thot\u201d (individual, 2013) en la Galer\u00eda M\u00e9xico Pompeya en Aguascalientes, y \u201cLa Divina F\u00e1bula o la Mejor Historia sobre una Bomba Nuclear jam\u00e1s Contada\u201d (individual, 2019) en la Galer\u00eda de la Ciudad.<\/p>\n<p>La Galer\u00eda Ex-Escuela de Cristo se ubica en el Andador Ju\u00e1rez #107, Zona Centro. La entrada es libre.<\/p>\n","protected":false},"excerpt":{"rendered":"<p>#informativoelvalledeaguascalientes #novaradioaguascalientes #informativoelvalledeaguascalientesll &nbsp; &nbsp; El Instituto Cultural de Aguascalientes invita a la inauguraci\u00f3n de la exposici\u00f3n pict\u00f3rica \u201cLos Delirios de S\u00edsifo\u201d, de Luis Fernando M\u00e1rquez Ponxx, que se llevar\u00e1 a cabo el jueves 19 de septiembre a las 20:00 horas en la Galer\u00eda Ex-Escuela de Cristo. Esta exposici\u00f3n se conforma de pinturas que son [&hellip;]<\/p>\n","protected":false},"author":13383,"featured_media":60778,"comment_status":"closed","ping_status":"open","sticky":false,"template":"","format":"standard","meta":{"advanced_seo_description":"","jetpack_seo_html_title":"","jetpack_seo_noindex":false,"_jetpack_memberships_contains_paid_content":false,"footnotes":"","jetpack_publicize_message":"","jetpack_publicize_feature_enabled":true,"jetpack_social_post_already_shared":true,"jetpack_social_options":{"image_generator_settings":{"template":"highway","default_image_id":0,"font":"","enabled":false},"version":2}},"categories":[21,4],"tags":[22,615,52],"class_list":["post-60777","post","type-post","status-publish","format-standard","has-post-thumbnail","hentry","category-aguascalientes","category-gobierno-del-estado-aguascalientes","tag-aguascalientes","tag-gobierno-del-estado-de-aguascalientes","tag-ica"],"jetpack_publicize_connections":[],"jetpack_featured_media_url":"https:\/\/i0.wp.com\/informativoelvalledeaguascalientes.online\/wp-content\/uploads\/2024\/09\/WhatsApp-Image-2024-09-12-at-1.08.32-PM.jpeg?fit=1600%2C1600&ssl=1","jetpack-related-posts":[],"jetpack_sharing_enabled":true,"jetpack_likes_enabled":true,"_links":{"self":[{"href":"https:\/\/informativoelvalledeaguascalientes.online\/index.php?rest_route=\/wp\/v2\/posts\/60777","targetHints":{"allow":["GET"]}}],"collection":[{"href":"https:\/\/informativoelvalledeaguascalientes.online\/index.php?rest_route=\/wp\/v2\/posts"}],"about":[{"href":"https:\/\/informativoelvalledeaguascalientes.online\/index.php?rest_route=\/wp\/v2\/types\/post"}],"author":[{"embeddable":true,"href":"https:\/\/informativoelvalledeaguascalientes.online\/index.php?rest_route=\/wp\/v2\/users\/13383"}],"replies":[{"embeddable":true,"href":"https:\/\/informativoelvalledeaguascalientes.online\/index.php?rest_route=%2Fwp%2Fv2%2Fcomments&post=60777"}],"version-history":[{"count":1,"href":"https:\/\/informativoelvalledeaguascalientes.online\/index.php?rest_route=\/wp\/v2\/posts\/60777\/revisions"}],"predecessor-version":[{"id":60779,"href":"https:\/\/informativoelvalledeaguascalientes.online\/index.php?rest_route=\/wp\/v2\/posts\/60777\/revisions\/60779"}],"wp:featuredmedia":[{"embeddable":true,"href":"https:\/\/informativoelvalledeaguascalientes.online\/index.php?rest_route=\/wp\/v2\/media\/60778"}],"wp:attachment":[{"href":"https:\/\/informativoelvalledeaguascalientes.online\/index.php?rest_route=%2Fwp%2Fv2%2Fmedia&parent=60777"}],"wp:term":[{"taxonomy":"category","embeddable":true,"href":"https:\/\/informativoelvalledeaguascalientes.online\/index.php?rest_route=%2Fwp%2Fv2%2Fcategories&post=60777"},{"taxonomy":"post_tag","embeddable":true,"href":"https:\/\/informativoelvalledeaguascalientes.online\/index.php?rest_route=%2Fwp%2Fv2%2Ftags&post=60777"}],"curies":[{"name":"wp","href":"https:\/\/api.w.org\/{rel}","templated":true}]}}