{"id":60671,"date":"2024-09-09T10:19:17","date_gmt":"2024-09-09T16:19:17","guid":{"rendered":"https:\/\/informativoelvalledeaguascalientes.online\/?p=60671"},"modified":"2024-09-10T20:22:58","modified_gmt":"2024-09-11T02:22:58","slug":"asiste-este-miercoles-a-la-delegacion-morelos-y-encuentra-mas-de-mil-vacantes-laborales","status":"publish","type":"post","link":"https:\/\/informativoelvalledeaguascalientes.online\/?p=60671","title":{"rendered":"ASISTE ESTE MI\u00c9RCOLES A LA DELEGACI\u00d3N MORELOS Y ENCUENTRA M\u00c1S DE MIL VACANTES LABORALES"},"content":{"rendered":"<p>#informativoelvalledeaguascalientes<\/p>\n<p>#novaradioaguascalientes<\/p>\n<p>#informativoelvalledeaguascalientesll<\/p>\n<p>&nbsp;<\/p>\n<p>&nbsp;<\/p>\n<p id=\"viewer-foo\" class=\"-Zro6 -ZADH vVfzz AnCKd _57WYp\"><span class=\"d0767 vVfzz\">El Gobierno del Estado invita a quienes est\u00e1n en busca de un empleo formal a que acudan este mi\u00e9rcoles 11 de septiembre a la \u201cBrigada de Empleo\u201d que se llevar\u00e1 a cabo en la Delegaci\u00f3n Morelos en la capital, donde se ofertar\u00e1n m\u00e1s de mil oportunidades laborales para t\u00e9cnicos, operarios y profesionistas.<\/span><\/p>\n<div id=\"viewer-7t54n197\" class=\"-Zro6 -ZADH vVfzz _57WYp\"><span class=\"d0767 vVfzz\">\u00a0<\/span><\/div>\n<p id=\"viewer-hc1ke185\" class=\"-Zro6 -ZADH vVfzz AnCKd _57WYp\"><span class=\"d0767 vVfzz\">La cita es en la Av. Siglo XXI No. 704, fraccionamiento Morelos I, de las 9:00 de la ma\u00f1ana a las 2:00 de la tarde.<\/span><\/p>\n<div id=\"viewer-z4mj5205\" class=\"-Zro6 -ZADH vVfzz _57WYp\"><span class=\"d0767 vVfzz\">\u00a0<\/span><\/div>\n<p id=\"viewer-bf9dj187\" class=\"-Zro6 -ZADH vVfzz AnCKd _57WYp\"><span class=\"d0767 vVfzz\">Las empresas que participar\u00e1n son Marelli, Minth y American Standard, con vacantes para personas mayores de 18 a\u00f1os con nivel acad\u00e9mico desde primaria hasta licenciatura.<\/span><\/p>\n<p id=\"viewer-pckj6189\" class=\"-Zro6 -ZADH vVfzz AnCKd _57WYp\"><span class=\"d0767 vVfzz\">Para agilizar el proceso de reclutamiento se recomienda a las y los interesados llevar solicitud de empleo o curriculum vitae, as\u00ed como identificaci\u00f3n oficial y CURP.<\/span><\/p>\n<div id=\"viewer-bezzw214\" class=\"-Zro6 -ZADH vVfzz _57WYp\"><span class=\"d0767 vVfzz\">\u00a0<\/span><\/div>\n<p id=\"viewer-dfndb191\" class=\"-Zro6 -ZADH vVfzz AnCKd _57WYp\"><span class=\"d0767 vVfzz\">Tambi\u00e9n habr\u00e1 un m\u00f3dulo de atenci\u00f3n del Servicio Estatal y Nacional de Empleo Aguascalientes (SNEA) que brindar\u00e1 informaci\u00f3n y asesor\u00eda a las y los buscadores de empleo sobre algunas otras vacantes disponibles en el estado.<\/span><\/p>\n<div id=\"viewer-gcou2222\" class=\"-Zro6 -ZADH vVfzz _57WYp\"><span class=\"d0767 vVfzz\">\u00a0<\/span><\/div>\n<p id=\"viewer-iq35b193\" class=\"-Zro6 -ZADH vVfzz AnCKd _57WYp\"><span class=\"d0767 vVfzz\">Para m\u00e1s detalles, acudir a las oficinas del SNEA en el Ficotrece, ubicadas en la Av. Manuel G\u00f3mez Mor\u00edn s\/n, Nave 55, colonia Ferronales, detr\u00e1s del Telet\u00f3n, de lunes a viernes, de 8:00 a 15:30 horas; o comunicarse al tel\u00e9fono 449 910 25 89, extensi\u00f3n 5900.<\/span><\/p>\n","protected":false},"excerpt":{"rendered":"<p>#informativoelvalledeaguascalientes #novaradioaguascalientes #informativoelvalledeaguascalientesll &nbsp; &nbsp; El Gobierno del Estado invita a quienes est\u00e1n en busca de un empleo formal a que acudan este mi\u00e9rcoles 11 de septiembre a la \u201cBrigada de Empleo\u201d que se llevar\u00e1 a cabo en la Delegaci\u00f3n Morelos en la capital, donde se ofertar\u00e1n m\u00e1s de mil oportunidades laborales para t\u00e9cnicos, operarios [&hellip;]<\/p>\n","protected":false},"author":13383,"featured_media":60672,"comment_status":"closed","ping_status":"open","sticky":false,"template":"","format":"standard","meta":{"advanced_seo_description":"","jetpack_seo_html_title":"","jetpack_seo_noindex":false,"_jetpack_memberships_contains_paid_content":false,"footnotes":"","jetpack_publicize_message":"","jetpack_publicize_feature_enabled":true,"jetpack_social_post_already_shared":true,"jetpack_social_options":{"image_generator_settings":{"template":"highway","default_image_id":0,"font":"","enabled":false},"version":2}},"categories":[21,4],"tags":[22,615],"class_list":["post-60671","post","type-post","status-publish","format-standard","has-post-thumbnail","hentry","category-aguascalientes","category-gobierno-del-estado-aguascalientes","tag-aguascalientes","tag-gobierno-del-estado-de-aguascalientes"],"jetpack_publicize_connections":[],"jetpack_featured_media_url":"https:\/\/i0.wp.com\/informativoelvalledeaguascalientes.online\/wp-content\/uploads\/2024\/09\/unnamed-file-1.jpeg?fit=720%2C1280&ssl=1","jetpack-related-posts":[],"jetpack_sharing_enabled":true,"jetpack_likes_enabled":true,"_links":{"self":[{"href":"https:\/\/informativoelvalledeaguascalientes.online\/index.php?rest_route=\/wp\/v2\/posts\/60671","targetHints":{"allow":["GET"]}}],"collection":[{"href":"https:\/\/informativoelvalledeaguascalientes.online\/index.php?rest_route=\/wp\/v2\/posts"}],"about":[{"href":"https:\/\/informativoelvalledeaguascalientes.online\/index.php?rest_route=\/wp\/v2\/types\/post"}],"author":[{"embeddable":true,"href":"https:\/\/informativoelvalledeaguascalientes.online\/index.php?rest_route=\/wp\/v2\/users\/13383"}],"replies":[{"embeddable":true,"href":"https:\/\/informativoelvalledeaguascalientes.online\/index.php?rest_route=%2Fwp%2Fv2%2Fcomments&post=60671"}],"version-history":[{"count":1,"href":"https:\/\/informativoelvalledeaguascalientes.online\/index.php?rest_route=\/wp\/v2\/posts\/60671\/revisions"}],"predecessor-version":[{"id":60673,"href":"https:\/\/informativoelvalledeaguascalientes.online\/index.php?rest_route=\/wp\/v2\/posts\/60671\/revisions\/60673"}],"wp:featuredmedia":[{"embeddable":true,"href":"https:\/\/informativoelvalledeaguascalientes.online\/index.php?rest_route=\/wp\/v2\/media\/60672"}],"wp:attachment":[{"href":"https:\/\/informativoelvalledeaguascalientes.online\/index.php?rest_route=%2Fwp%2Fv2%2Fmedia&parent=60671"}],"wp:term":[{"taxonomy":"category","embeddable":true,"href":"https:\/\/informativoelvalledeaguascalientes.online\/index.php?rest_route=%2Fwp%2Fv2%2Fcategories&post=60671"},{"taxonomy":"post_tag","embeddable":true,"href":"https:\/\/informativoelvalledeaguascalientes.online\/index.php?rest_route=%2Fwp%2Fv2%2Ftags&post=60671"}],"curies":[{"name":"wp","href":"https:\/\/api.w.org\/{rel}","templated":true}]}}