{"id":60624,"date":"2024-09-10T12:06:32","date_gmt":"2024-09-10T18:06:32","guid":{"rendered":"https:\/\/informativoelvalledeaguascalientes.online\/?p=60624"},"modified":"2024-09-10T19:13:09","modified_gmt":"2024-09-11T01:13:09","slug":"calvillo-pueblo-magico-esta-presente-en-el-tianguis-nacional-de-pueblos-magicos-con-sede-en-veracruz","status":"publish","type":"post","link":"https:\/\/informativoelvalledeaguascalientes.online\/?p=60624","title":{"rendered":"Calvillo Pueblo M\u00e1gico est\u00e1 presente en el Tianguis Nacional de Pueblos M\u00e1gicos con sede en Veracruz"},"content":{"rendered":"<p>#informativoelvalledeaguascalientes #novaradioaguascalientes #informativoelvalledeaguascalientesll<\/p>\n<p>&nbsp;<\/p>\n<p>&nbsp;<\/p>\n<p>El presidente municipal, Daniel Romo Urrutia, asisti\u00f3 al corte inaugural de la sexta edici\u00f3n de este importante tianguis tur\u00edstico en el cual se muestra la riqueza de los Pueblos M\u00e1gicos de M\u00e9xico y en el que Calvillo est\u00e1 presente para mostrar con orgullo las artesan\u00edas, la gastronom\u00eda y el gran valor cultural de este pueblo m\u00e1gico.<\/p>\n<p>&nbsp;<\/p>\n<p>\u00a1No te pierdas el Tianguis Nacional de Pueblos M\u00e1gicos del 10 al 12 de septiembre en el<\/p>\n<p>World Trade Center Veracruz!<\/p>\n<p>&nbsp;<\/p>\n<p>#TierraQueTrasciende<\/p>\n","protected":false},"excerpt":{"rendered":"<p>#informativoelvalledeaguascalientes #novaradioaguascalientes #informativoelvalledeaguascalientesll &nbsp; &nbsp; El presidente municipal, Daniel Romo Urrutia, asisti\u00f3 al corte inaugural de la sexta edici\u00f3n de este importante tianguis tur\u00edstico en el cual se muestra la riqueza de los Pueblos M\u00e1gicos de M\u00e9xico y en el que Calvillo est\u00e1 presente para mostrar con orgullo las artesan\u00edas, la gastronom\u00eda y el gran [&hellip;]<\/p>\n","protected":false},"author":13383,"featured_media":60627,"comment_status":"closed","ping_status":"open","sticky":false,"template":"","format":"standard","meta":{"advanced_seo_description":"","jetpack_seo_html_title":"","jetpack_seo_noindex":false,"_jetpack_memberships_contains_paid_content":false,"footnotes":"","jetpack_publicize_message":"","jetpack_publicize_feature_enabled":true,"jetpack_social_post_already_shared":true,"jetpack_social_options":{"image_generator_settings":{"template":"highway","default_image_id":0,"font":"","enabled":false},"version":2}},"categories":[21,13],"tags":[22,29],"class_list":["post-60624","post","type-post","status-publish","format-standard","has-post-thumbnail","hentry","category-aguascalientes","category-calvillo-aguascalientes","tag-aguascalientes","tag-calvillo-aguascalientes"],"jetpack_publicize_connections":[],"jetpack_featured_media_url":"https:\/\/i0.wp.com\/informativoelvalledeaguascalientes.online\/wp-content\/uploads\/2024\/09\/WhatsApp-Image-2024-09-10-at-11.58.38-AM.jpeg?fit=1200%2C1600&ssl=1","jetpack-related-posts":[],"jetpack_sharing_enabled":true,"jetpack_likes_enabled":true,"_links":{"self":[{"href":"https:\/\/informativoelvalledeaguascalientes.online\/index.php?rest_route=\/wp\/v2\/posts\/60624","targetHints":{"allow":["GET"]}}],"collection":[{"href":"https:\/\/informativoelvalledeaguascalientes.online\/index.php?rest_route=\/wp\/v2\/posts"}],"about":[{"href":"https:\/\/informativoelvalledeaguascalientes.online\/index.php?rest_route=\/wp\/v2\/types\/post"}],"author":[{"embeddable":true,"href":"https:\/\/informativoelvalledeaguascalientes.online\/index.php?rest_route=\/wp\/v2\/users\/13383"}],"replies":[{"embeddable":true,"href":"https:\/\/informativoelvalledeaguascalientes.online\/index.php?rest_route=%2Fwp%2Fv2%2Fcomments&post=60624"}],"version-history":[{"count":1,"href":"https:\/\/informativoelvalledeaguascalientes.online\/index.php?rest_route=\/wp\/v2\/posts\/60624\/revisions"}],"predecessor-version":[{"id":60628,"href":"https:\/\/informativoelvalledeaguascalientes.online\/index.php?rest_route=\/wp\/v2\/posts\/60624\/revisions\/60628"}],"wp:featuredmedia":[{"embeddable":true,"href":"https:\/\/informativoelvalledeaguascalientes.online\/index.php?rest_route=\/wp\/v2\/media\/60627"}],"wp:attachment":[{"href":"https:\/\/informativoelvalledeaguascalientes.online\/index.php?rest_route=%2Fwp%2Fv2%2Fmedia&parent=60624"}],"wp:term":[{"taxonomy":"category","embeddable":true,"href":"https:\/\/informativoelvalledeaguascalientes.online\/index.php?rest_route=%2Fwp%2Fv2%2Fcategories&post=60624"},{"taxonomy":"post_tag","embeddable":true,"href":"https:\/\/informativoelvalledeaguascalientes.online\/index.php?rest_route=%2Fwp%2Fv2%2Ftags&post=60624"}],"curies":[{"name":"wp","href":"https:\/\/api.w.org\/{rel}","templated":true}]}}