{"id":60609,"date":"2024-09-08T13:34:38","date_gmt":"2024-09-08T19:34:38","guid":{"rendered":"https:\/\/informativoelvalledeaguascalientes.online\/?p=60609"},"modified":"2024-09-10T08:36:10","modified_gmt":"2024-09-10T14:36:10","slug":"jesus-maria-celebra-la-graduacion-de-la-pprimera-generacion-de-la-universidad-de-la-ciudad-de-aguascalientes","status":"publish","type":"post","link":"https:\/\/informativoelvalledeaguascalientes.online\/?p=60609","title":{"rendered":"JES\u00daS MAR\u00cdA CELEBRA LA GRADUACI\u00d3N DE LA PPRIMERA GENERACI\u00d3N DE LA UNIVERSIDAD DE LA CIUDAD DE AGUASCALIENTES"},"content":{"rendered":"<p>#informativoelvalledeaguascalientes #novaradioaguascalientes #informativoelvalledeaguascalientesll<\/p>\n<p>&nbsp;<\/p>\n<p>&nbsp;<\/p>\n<p>\u2022 El presidente municipal Antonio Ar\u00e1mbula L\u00f3pez concluy\u00f3 la carrera de Derecho en dicho plantel<\/p>\n<p>\u2022 El Gobierno Municipal de Jes\u00fas Mar\u00eda, brinda a los j\u00f3venes opciones accesibles y de calidad para que contin\u00faen con sus estudios superiores<\/p>\n<p>&nbsp;<\/p>\n<p>En un ambiente de orgullo y satisfacci\u00f3n, se llev\u00f3 a cabo la graduaci\u00f3n de la primera generaci\u00f3n de las carreras de Derecho, Contadur\u00eda y Finanzas, as\u00ed como Administraci\u00f3n de Empresas de la Universidad de la Ciudad de Aguascalientes, ubicada en el municipio de Jes\u00fas Mar\u00eda, acercando as\u00ed la educaci\u00f3n superior de calidad a los jesusmarienses.<\/p>\n<p>&nbsp;<\/p>\n<p>El presidente municipal de Jes\u00fas Mar\u00eda, Antonio Ar\u00e1mbula L\u00f3pez, quien concluy\u00f3 sus estudios de Derecho complementando as\u00ed su formaci\u00f3n acad\u00e9mica, indic\u00f3 que la educaci\u00f3n juega un papel fundamental en el desarrollo personal y de la comunidad, por lo que, es una gran noticia que actualmente el municipio cuente con la Universidad de la Ciudad de Aguascalientes, ubicada en la Casa de M\u00fasica de Jes\u00fas Mar\u00eda y la reci\u00e9n creada Universidad Latinoamericana Humanista, como nuevas opciones de educaci\u00f3n superior.<\/p>\n<p>&nbsp;<\/p>\n<p>Destac\u00f3, que la Universidad de la Ciudad de Aguascalientes naci\u00f3 ante la necesidad de acercar la educaci\u00f3n superior a todas aquellas personas del municipio, que deseen continuar con sus estudios universitarios, quienes ya no requieren trasladarse a la capital para encontrar opciones educativas de calidad a un costo accesible.<\/p>\n<p>&nbsp;<\/p>\n<p>\u201cEsta Universidad ha tenido una gran respuesta, de manera que ha ampliado su oferta educativa y ahora cuenta tambi\u00e9n con la licenciatura en Ense\u00f1anza de M\u00fasica\u201d dijo Ar\u00e1mbula L\u00f3pez, quien agradeci\u00f3 el esfuerzo de todas las personas comprometidas con la educaci\u00f3n y que han contribuido desde distintas trincheras con el progreso de Jes\u00fas Mar\u00eda, un municipio pujante y en crecimiento, que ofrece cada vez m\u00e1s oportunidades de desarrollo a sus habitantes.<\/p>\n","protected":false},"excerpt":{"rendered":"<p>#informativoelvalledeaguascalientes #novaradioaguascalientes #informativoelvalledeaguascalientesll &nbsp; &nbsp; \u2022 El presidente municipal Antonio Ar\u00e1mbula L\u00f3pez concluy\u00f3 la carrera de Derecho en dicho plantel \u2022 El Gobierno Municipal de Jes\u00fas Mar\u00eda, brinda a los j\u00f3venes opciones accesibles y de calidad para que contin\u00faen con sus estudios superiores &nbsp; En un ambiente de orgullo y satisfacci\u00f3n, se llev\u00f3 a cabo [&hellip;]<\/p>\n","protected":false},"author":13383,"featured_media":60610,"comment_status":"closed","ping_status":"open","sticky":false,"template":"","format":"standard","meta":{"advanced_seo_description":"","jetpack_seo_html_title":"","jetpack_seo_noindex":false,"_jetpack_memberships_contains_paid_content":false,"footnotes":"","jetpack_publicize_message":"","jetpack_publicize_feature_enabled":true,"jetpack_social_post_already_shared":true,"jetpack_social_options":{"image_generator_settings":{"template":"highway","default_image_id":0,"font":"","enabled":false},"version":2}},"categories":[21,14],"tags":[22,45],"class_list":["post-60609","post","type-post","status-publish","format-standard","has-post-thumbnail","hentry","category-aguascalientes","category-jesus-maria-aguascalientes","tag-aguascalientes","tag-jesus-maria-aguascalientes"],"jetpack_publicize_connections":[],"jetpack_featured_media_url":"https:\/\/i0.wp.com\/informativoelvalledeaguascalientes.online\/wp-content\/uploads\/2024\/09\/IMG-20240908-WA0079.jpg?fit=2560%2C1443&ssl=1","jetpack-related-posts":[],"jetpack_sharing_enabled":true,"jetpack_likes_enabled":true,"_links":{"self":[{"href":"https:\/\/informativoelvalledeaguascalientes.online\/index.php?rest_route=\/wp\/v2\/posts\/60609","targetHints":{"allow":["GET"]}}],"collection":[{"href":"https:\/\/informativoelvalledeaguascalientes.online\/index.php?rest_route=\/wp\/v2\/posts"}],"about":[{"href":"https:\/\/informativoelvalledeaguascalientes.online\/index.php?rest_route=\/wp\/v2\/types\/post"}],"author":[{"embeddable":true,"href":"https:\/\/informativoelvalledeaguascalientes.online\/index.php?rest_route=\/wp\/v2\/users\/13383"}],"replies":[{"embeddable":true,"href":"https:\/\/informativoelvalledeaguascalientes.online\/index.php?rest_route=%2Fwp%2Fv2%2Fcomments&post=60609"}],"version-history":[{"count":1,"href":"https:\/\/informativoelvalledeaguascalientes.online\/index.php?rest_route=\/wp\/v2\/posts\/60609\/revisions"}],"predecessor-version":[{"id":60611,"href":"https:\/\/informativoelvalledeaguascalientes.online\/index.php?rest_route=\/wp\/v2\/posts\/60609\/revisions\/60611"}],"wp:featuredmedia":[{"embeddable":true,"href":"https:\/\/informativoelvalledeaguascalientes.online\/index.php?rest_route=\/wp\/v2\/media\/60610"}],"wp:attachment":[{"href":"https:\/\/informativoelvalledeaguascalientes.online\/index.php?rest_route=%2Fwp%2Fv2%2Fmedia&parent=60609"}],"wp:term":[{"taxonomy":"category","embeddable":true,"href":"https:\/\/informativoelvalledeaguascalientes.online\/index.php?rest_route=%2Fwp%2Fv2%2Fcategories&post=60609"},{"taxonomy":"post_tag","embeddable":true,"href":"https:\/\/informativoelvalledeaguascalientes.online\/index.php?rest_route=%2Fwp%2Fv2%2Ftags&post=60609"}],"curies":[{"name":"wp","href":"https:\/\/api.w.org\/{rel}","templated":true}]}}