{"id":60606,"date":"2024-09-07T13:32:46","date_gmt":"2024-09-07T19:32:46","guid":{"rendered":"https:\/\/informativoelvalledeaguascalientes.online\/?p=60606"},"modified":"2024-09-10T08:34:30","modified_gmt":"2024-09-10T14:34:30","slug":"invita-el-municipio-de-jesus-maria-al-festival-vive-mexico","status":"publish","type":"post","link":"https:\/\/informativoelvalledeaguascalientes.online\/?p=60606","title":{"rendered":"INVITA EL MUNICIPIO DE JES\u00daS MAR\u00cdA AL FESTIVAL \u201cVIVE M\u00c9XICO\u201d"},"content":{"rendered":"<p>#informativoelvalledeaguascalientes #novaradioaguascalientes #informativoelvalledeaguascalientesll<\/p>\n<p>&nbsp;<\/p>\n<p>&nbsp;<\/p>\n<p>\u2022 Se llevar\u00e1 a cabo del 13 al 16 de septiembre<\/p>\n<p>\u2022 Todas las actividades son gratuitas y dirigidas a toda la familia<\/p>\n<p>&nbsp;<\/p>\n<p>El Gobierno Municipal de Jes\u00fas Mar\u00eda invita a toda la ciudadan\u00eda al festival \u201cVive M\u00e9xico\u201d, que se llevar\u00e1 a cabo del 13 al 16 de septiembre en la Plaza Principal del municipio y que contar\u00e1 con actividades musicales, culturales y recreativas para toda la familia.<\/p>\n<p>&nbsp;<\/p>\n<p>El presidente municipal de Jes\u00fas Mar\u00eda, Antonio Ar\u00e1mbula L\u00f3pez, mencion\u00f3 que la Plaza Principal se llenar\u00e1 de m\u00fasica, color y tradici\u00f3n, con un programa de actividades dise\u00f1ado especialmente para resaltar las costumbres y los valores patrios, as\u00ed como promover la uni\u00f3n familiar.<\/p>\n<p>&nbsp;<\/p>\n<p>Inform\u00f3 que todas las actividades ser\u00e1n gratuitas e incluso quien participe en las actividades del d\u00eda domingo, tendr\u00e1 la oportunidad de ganar \u201cmexicash\u201d vales que podr\u00e1 canjear por premios en el centro de cambio que se instalar\u00e1 en la Plaza Principal.<\/p>\n<p>&nbsp;<\/p>\n<p>Las actividades empiezan el jueves con la instalaci\u00f3n del Cabildo Juvenil, en el que participar\u00e1n j\u00f3venes de entre 16 y 23 a\u00f1os de edad con propuestas para generar un cambio positivo en la comunidad; el viernes las actividades dar\u00e1n inicio a las 09:00 horas con Honores a la Bandera y una representaci\u00f3n de la Batalla de los Ni\u00f1os H\u00e9roes, seguida de una demostraci\u00f3n de bandas de guerra.<\/p>\n<p>&nbsp;<\/p>\n<p>El s\u00e1bado y domingo habr\u00e1 actividades culturales, deportivas y recreativas como la representaci\u00f3n del libro \u201cRecuerdos de mi pueblo Jes\u00fas Mar\u00eda\u201d el duelo de mariachis con Mi Nombre es M\u00e9xico y Xoostitl\u00e1n, el concurso de antojitos mexicanos, espect\u00e1culos multidisciplinarios, set de fotograf\u00eda, taller de juguete artesanal y zona deportiva, entre otras.<\/p>\n<p>&nbsp;<\/p>\n<p>El festival \u201cVive M\u00e9xico\u201d concluye el lunes 16 de septiembre, d\u00eda en el que se llevar\u00e1 a cabo el Desfile de Independencia que recorrer\u00e1 las principales calles del centro de Jes\u00fas Mar\u00eda, luego de los Honores a la Bandera, afuera de la Presidencia Municipal.<\/p>\n","protected":false},"excerpt":{"rendered":"<p>#informativoelvalledeaguascalientes #novaradioaguascalientes #informativoelvalledeaguascalientesll &nbsp; &nbsp; \u2022 Se llevar\u00e1 a cabo del 13 al 16 de septiembre \u2022 Todas las actividades son gratuitas y dirigidas a toda la familia &nbsp; El Gobierno Municipal de Jes\u00fas Mar\u00eda invita a toda la ciudadan\u00eda al festival \u201cVive M\u00e9xico\u201d, que se llevar\u00e1 a cabo del 13 al 16 de septiembre [&hellip;]<\/p>\n","protected":false},"author":13383,"featured_media":60607,"comment_status":"closed","ping_status":"open","sticky":false,"template":"","format":"standard","meta":{"advanced_seo_description":"","jetpack_seo_html_title":"","jetpack_seo_noindex":false,"_jetpack_memberships_contains_paid_content":false,"footnotes":"","jetpack_publicize_message":"","jetpack_publicize_feature_enabled":true,"jetpack_social_post_already_shared":true,"jetpack_social_options":{"image_generator_settings":{"template":"highway","default_image_id":0,"font":"","enabled":false},"version":2}},"categories":[21,14],"tags":[22,45],"class_list":["post-60606","post","type-post","status-publish","format-standard","has-post-thumbnail","hentry","category-aguascalientes","category-jesus-maria-aguascalientes","tag-aguascalientes","tag-jesus-maria-aguascalientes"],"jetpack_publicize_connections":[],"jetpack_featured_media_url":"https:\/\/i0.wp.com\/informativoelvalledeaguascalientes.online\/wp-content\/uploads\/2024\/09\/IMG-20240907-WA0089.jpg?fit=1280%2C1600&ssl=1","jetpack-related-posts":[],"jetpack_sharing_enabled":true,"jetpack_likes_enabled":true,"_links":{"self":[{"href":"https:\/\/informativoelvalledeaguascalientes.online\/index.php?rest_route=\/wp\/v2\/posts\/60606","targetHints":{"allow":["GET"]}}],"collection":[{"href":"https:\/\/informativoelvalledeaguascalientes.online\/index.php?rest_route=\/wp\/v2\/posts"}],"about":[{"href":"https:\/\/informativoelvalledeaguascalientes.online\/index.php?rest_route=\/wp\/v2\/types\/post"}],"author":[{"embeddable":true,"href":"https:\/\/informativoelvalledeaguascalientes.online\/index.php?rest_route=\/wp\/v2\/users\/13383"}],"replies":[{"embeddable":true,"href":"https:\/\/informativoelvalledeaguascalientes.online\/index.php?rest_route=%2Fwp%2Fv2%2Fcomments&post=60606"}],"version-history":[{"count":1,"href":"https:\/\/informativoelvalledeaguascalientes.online\/index.php?rest_route=\/wp\/v2\/posts\/60606\/revisions"}],"predecessor-version":[{"id":60608,"href":"https:\/\/informativoelvalledeaguascalientes.online\/index.php?rest_route=\/wp\/v2\/posts\/60606\/revisions\/60608"}],"wp:featuredmedia":[{"embeddable":true,"href":"https:\/\/informativoelvalledeaguascalientes.online\/index.php?rest_route=\/wp\/v2\/media\/60607"}],"wp:attachment":[{"href":"https:\/\/informativoelvalledeaguascalientes.online\/index.php?rest_route=%2Fwp%2Fv2%2Fmedia&parent=60606"}],"wp:term":[{"taxonomy":"category","embeddable":true,"href":"https:\/\/informativoelvalledeaguascalientes.online\/index.php?rest_route=%2Fwp%2Fv2%2Fcategories&post=60606"},{"taxonomy":"post_tag","embeddable":true,"href":"https:\/\/informativoelvalledeaguascalientes.online\/index.php?rest_route=%2Fwp%2Fv2%2Ftags&post=60606"}],"curies":[{"name":"wp","href":"https:\/\/api.w.org\/{rel}","templated":true}]}}