{"id":60590,"date":"2024-09-06T14:46:24","date_gmt":"2024-09-06T20:46:24","guid":{"rendered":"https:\/\/informativoelvalledeaguascalientes.online\/?p=60590"},"modified":"2024-09-09T20:48:46","modified_gmt":"2024-09-10T02:48:46","slug":"inaugura-el-munpuma-la-sala-de-pabellon-de-hidalgo-e-integra-a-su-acervo-45-piezas-nuevas","status":"publish","type":"post","link":"https:\/\/informativoelvalledeaguascalientes.online\/?p=60590","title":{"rendered":"INAUGURA EL MUNPUMA LA SALA DE PABELL\u00d3N DE HIDALGO E INTEGRA A SU ACERVO 45 PIEZAS NUEVAS"},"content":{"rendered":"<p>#informativoelvalledeaguascalientes #novaradioaguascalientes #informativoelvalledeaguascalientesll<\/p>\n<p>&nbsp;<\/p>\n<p>&nbsp;<\/p>\n<p>En el marco de su 5\u00b0 aniversario, el Museo Nacional de Pueblos M\u00e1gicos afianza su posici\u00f3n como resguardante del patrimonio cultural de M\u00e9xico<\/p>\n<p>Calvillo mantiene su liderazgo tur\u00edstico, gracias a sus condiciones de seguridad y por la atractiva oferta para visitantes nacionales y extranjeros<\/p>\n<p>&nbsp;<\/p>\n<p>El presidente municipal de Calvillo, Daniel Romo Urrutia y la secretaria de Turismo del estado, Gloria Mar\u00eda Romo Cuesta, con la representaci\u00f3n de la gobernadora del Estado, Tere Jim\u00e9nez, presidieron la inauguraci\u00f3n de la sala permanente de Pabell\u00f3n de Hidalgo en el Museo Nacional de Pueblos M\u00e1gicos (Munpuma) y la integraci\u00f3n al acervo de este recinto de 45 piezas correspondientes al mismo n\u00famero de municipios que recibieron su nombramiento como pueblos m\u00e1gicos en junio de 2023.<\/p>\n<p>&nbsp;<\/p>\n<p>Durante el evento, al que tambi\u00e9n asistieron el alcalde de Rinc\u00f3n de Romos, H\u00e9ctor Castorena Esparza, a cuyo municipio pertenece Pabell\u00f3n de Hidalgo; el diputado federal por Campeche, Francisco Javier Far\u00edas Bail\u00f3n; as\u00ed como alcaldes de los municipios que integran sus piezas al museo tras su reciente nombramiento como pueblos m\u00e1gicos, Romo Urrutia refiri\u00f3 que en la celebraci\u00f3n de su quinto aniversario, el Munpuma afianza su posici\u00f3n como resguardante, protector y difusor del patrimonio cultural, art\u00edstico, natural material e inmaterial de M\u00e9xico.<\/p>\n<p>&nbsp;<\/p>\n<p>Agreg\u00f3 que tras la remodelaci\u00f3n de este recinto, el Munpuma ofrece un viaje integral por la riqueza de nuestro pa\u00eds, a trav\u00e9s de la sala permanente dedicada a Pabell\u00f3n de Hidalgo, que se suma a las tres de Calvillo, Real de Asientos y San Jos\u00e9 de Gracia; las 177 piezas correspondientes a cada pueblo m\u00e1gico del pa\u00eds, la Sala Inmersiva, la primera en el estado; y la sala \u201cAnita Brenner\u201d en donde se presentan exposiciones temporales.<\/p>\n<p>&nbsp;<\/p>\n<p>Romo Urrutia se\u00f1al\u00f3 que el trabajo coordinado de su gobierno municipal con la administraci\u00f3n estatal encabezada por la gobernadora Tere Jim\u00e9nez, en colaboraci\u00f3n con el sector tur\u00edstico local, ha permitido que Calvillo mantenga su liderazgo tur\u00edstico en la regi\u00f3n, aunado a las condiciones de seguridad que prevalecen en el municipio y una amplia oferta para visitantes nacionales y extranjeros, integrada por gastronom\u00eda, arte, cultura, atractivos naturales, ferias y festivales.<\/p>\n<p>&nbsp;<\/p>\n<p>La secretaria de Turismo del estado, Gloria Romo Cuesta, reconoci\u00f3 el trabajo realizado por la administraci\u00f3n del presidente municipal de Calvillo en materia tur\u00edstica, al innovar y generar nuevos productos que fortalecen las cualidades y atractivos de este pueblo m\u00e1gico.<\/p>\n<p>&nbsp;<\/p>\n<p>Finalmente, record\u00f3 la trascendencia de que Calvillo sea sede del Munpuma, toda vez que confiere a nuestra entidad, una posici\u00f3n privilegiada dentro del imaginario cultural colectivo de M\u00e9xico y es gracias al esfuerzo de la administraci\u00f3n municipal junto con el sector tur\u00edstico, que este pueblo m\u00e1gico es el encargado de resguardar y conservar la memoria cultural e hist\u00f3rica de los 177 pueblos m\u00e1gicos.<\/p>\n<p>&nbsp;<\/p>\n","protected":false},"excerpt":{"rendered":"<p>#informativoelvalledeaguascalientes #novaradioaguascalientes #informativoelvalledeaguascalientesll &nbsp; &nbsp; En el marco de su 5\u00b0 aniversario, el Museo Nacional de Pueblos M\u00e1gicos afianza su posici\u00f3n como resguardante del patrimonio cultural de M\u00e9xico Calvillo mantiene su liderazgo tur\u00edstico, gracias a sus condiciones de seguridad y por la atractiva oferta para visitantes nacionales y extranjeros &nbsp; El presidente municipal de Calvillo, [&hellip;]<\/p>\n","protected":false},"author":13383,"featured_media":60591,"comment_status":"closed","ping_status":"open","sticky":false,"template":"","format":"standard","meta":{"advanced_seo_description":"","jetpack_seo_html_title":"","jetpack_seo_noindex":false,"_jetpack_memberships_contains_paid_content":false,"footnotes":"","jetpack_publicize_message":"","jetpack_publicize_feature_enabled":true,"jetpack_social_post_already_shared":true,"jetpack_social_options":{"image_generator_settings":{"template":"highway","default_image_id":0,"font":"","enabled":false},"version":2}},"categories":[21,13],"tags":[22,29],"class_list":["post-60590","post","type-post","status-publish","format-standard","has-post-thumbnail","hentry","category-aguascalientes","category-calvillo-aguascalientes","tag-aguascalientes","tag-calvillo-aguascalientes"],"jetpack_publicize_connections":[],"jetpack_featured_media_url":"https:\/\/i0.wp.com\/informativoelvalledeaguascalientes.online\/wp-content\/uploads\/2024\/09\/IMG-20240906-WA0109.jpg?fit=1600%2C1067&ssl=1","jetpack-related-posts":[],"jetpack_sharing_enabled":true,"jetpack_likes_enabled":true,"_links":{"self":[{"href":"https:\/\/informativoelvalledeaguascalientes.online\/index.php?rest_route=\/wp\/v2\/posts\/60590","targetHints":{"allow":["GET"]}}],"collection":[{"href":"https:\/\/informativoelvalledeaguascalientes.online\/index.php?rest_route=\/wp\/v2\/posts"}],"about":[{"href":"https:\/\/informativoelvalledeaguascalientes.online\/index.php?rest_route=\/wp\/v2\/types\/post"}],"author":[{"embeddable":true,"href":"https:\/\/informativoelvalledeaguascalientes.online\/index.php?rest_route=\/wp\/v2\/users\/13383"}],"replies":[{"embeddable":true,"href":"https:\/\/informativoelvalledeaguascalientes.online\/index.php?rest_route=%2Fwp%2Fv2%2Fcomments&post=60590"}],"version-history":[{"count":1,"href":"https:\/\/informativoelvalledeaguascalientes.online\/index.php?rest_route=\/wp\/v2\/posts\/60590\/revisions"}],"predecessor-version":[{"id":60592,"href":"https:\/\/informativoelvalledeaguascalientes.online\/index.php?rest_route=\/wp\/v2\/posts\/60590\/revisions\/60592"}],"wp:featuredmedia":[{"embeddable":true,"href":"https:\/\/informativoelvalledeaguascalientes.online\/index.php?rest_route=\/wp\/v2\/media\/60591"}],"wp:attachment":[{"href":"https:\/\/informativoelvalledeaguascalientes.online\/index.php?rest_route=%2Fwp%2Fv2%2Fmedia&parent=60590"}],"wp:term":[{"taxonomy":"category","embeddable":true,"href":"https:\/\/informativoelvalledeaguascalientes.online\/index.php?rest_route=%2Fwp%2Fv2%2Fcategories&post=60590"},{"taxonomy":"post_tag","embeddable":true,"href":"https:\/\/informativoelvalledeaguascalientes.online\/index.php?rest_route=%2Fwp%2Fv2%2Ftags&post=60590"}],"curies":[{"name":"wp","href":"https:\/\/api.w.org\/{rel}","templated":true}]}}