{"id":60579,"date":"2024-09-06T14:31:05","date_gmt":"2024-09-06T20:31:05","guid":{"rendered":"https:\/\/informativoelvalledeaguascalientes.online\/?p=60579"},"modified":"2024-09-09T20:34:43","modified_gmt":"2024-09-10T02:34:43","slug":"legisladores-panistas-manifiestan-su-total-desacuerdo-a-la-reforma-judicial-y-buscaran-frenarla-en-el-senado","status":"publish","type":"post","link":"https:\/\/informativoelvalledeaguascalientes.online\/?p=60579","title":{"rendered":"LEGISLADORES PANISTAS MANIFIESTAN SU TOTAL DESACUERDO A LA REFORMA JUDICIAL Y BUSCAR\u00c1N FRENARLA EN EL SENADO"},"content":{"rendered":"<p>#informativoelvalledeaguascalientes #novaradioaguascalientes #informativoelvalledeaguascalientesll<\/p>\n<p>&nbsp;<\/p>\n<p>&nbsp;<\/p>\n<p>El presidente estatal del PAN Javier Lu\u00e9vano, manifiesta total respaldo a diputados y senadores ante el brutal ataque al sistema de justicia.<\/p>\n<p>No llegar\u00e1n los m\u00e1s capaces, sino los m\u00e1s populares al Poder Judicial, lo que pone en riesgo el estado de derecho, la libertad y la democracia: Paulo Mart\u00ednez.<\/p>\n<p>\u00bfQui\u00e9n va a organizar y financiar las campa\u00f1as? Nadie lo ha informado: Quique Galo.<\/p>\n<p>Moni Becerra, env\u00eda mensaje al Poder Judicial: cuentan con nosotros.<\/p>\n<p>22 senadores panistas cuentan con oficio de licencia para que los suplentes act\u00faen en cualquier eventualidad y no falte un solo voto: To\u00f1o Mart\u00edn del Campo.<\/p>\n<p>Chuya D\u00edaz hace un llamado a los senadores para no fallarle a M\u00e9xico.<\/p>\n<p>Ante esta reforma, se necesita escuchar a quienes est\u00e1n en la primera l\u00ednea de batalla: Liz Mart\u00ednez.<\/p>\n<p>&nbsp;<\/p>\n<p>&nbsp;<\/p>\n<p>El presidente del Comit\u00e9 Directivo Estatal del Partido Acci\u00f3n Nacional en Aguascalientes, Javier Lu\u00e9vano N\u00fa\u00f1ez, reunido con las y los legisladores federales patentiz\u00f3 todo el apoyo al respaldar la postura en contra de la reforma del Poder Judicial en las respectivas c\u00e1maras del Congreso de la Uni\u00f3n, misma que considera un brutal ataque contra el sistema de justicia del pa\u00eds.<\/p>\n<p>Acompa\u00f1ado de la secretaria general del partido, Paloma Am\u00e9zquita, reconoci\u00f3 el compromiso de los senadores To\u00f1o Mart\u00edn del Campo y Chuya D\u00edaz; as\u00ed como de los diputados federales Moni Becerra, Liz Mart\u00ednez, Paulo Mart\u00ednez y Quique Galo, se\u00f1alando que \u201ctenemos gran compromiso para continuar dando la batalla y particularmente en Aguascalientes, responder a la confianza del voto defendendiendo los intereses de los ciudadanos\u201d.<\/p>\n<p>En su intervenci\u00f3n el diputado Paulo Mart\u00ednez, manifest\u00f3 el desacuerdo de sesionar en sedes alternas. \u201cNosotros, de Acci\u00f3n Nacional, estamos privilegiando que se fortalezca la impartici\u00f3n de justicia y que esta reforma que hoy se est\u00e1 promoviendo por parte de los legisladores de Morena, es simple y sencillamente quitar a unos magistrados, quitar a unos jueces, quitar a unos ministros para poner los que ellos quieren. Es utilizar la justicia como un brazo pol\u00edtico contra los adversarios\u201d. Con esta reforma no estar\u00edan llegando los m\u00e1s capaces, sino los m\u00e1s populares, poniendo en juego el estado de derecho, la libertad y la democracia, puntualiz\u00f3.<\/p>\n<p>El diputado Quique Galo, hizo \u00e9nfasis en que estuvieron en una sesi\u00f3n plagada de vicios. El fondo de la reforma es la aversi\u00f3n del presidente AMLO hacia la ministra Norma Pi\u00f1a. Hoy pretenden que el voto popular decida, pero no le han dicho a la gente que la posibilidad para ser juez, recae en caerle bien al presidente, a los diputados y senadores de Morena. \u201cLo que cuestionamos fuertemente en Acci\u00f3n Nacional, es que nos expliquen de d\u00f3nde van a salir los recursos para que al menos en el caso de Aguascalientes podamos organizar elecciones con m\u00e1s de 25 candidatos de manera simult\u00e1nea. \u00bfQui\u00e9n va a financiar esas campa\u00f1as? \u00bfQui\u00e9n va a convocar a organizarlas? Que nos hablen con toda la certeza del mundo\u201d.<\/p>\n<p>Moni Becerra, diputada por el 2\u00b0 distrito federal, afirm\u00f3 que las cosas no se van a venir f\u00e1ciles, \u201cpero yo s\u00ed quiero decir un mensaje a todo el Poder Judicial: que sepan que de nuestra parte hicimos y luchamos y defendimos a lo m\u00e1ximo y que siempre van a seguir contando con nosotros\u201d.<\/p>\n<p>El senador por Aguascalientes, To\u00f1o Mart\u00edn del Campo, fue enf\u00e1tico al comentar que el morenista Mario Delgado, manifest\u00f3 que esto es un regalo que le quieren hacer los legisladores al presidente L\u00f3pez Obrador antes de que concluya su mandato. Esto es un capricho realmente del presidente, el poder hacer esta reforma, un revanchismo. \u201cYa tienen el Poder Legislativo, por supuesto ya tienen el Ejecutivo y les falta el Poder Judicial. Y teniendo el poder y el control pol\u00edtico del Poder Judicial autom\u00e1ticamente van a poder hacer todo lo que ellos se les antoje. Nosotros lo que queremos que le vaya bien al pa\u00eds y somos oposici\u00f3n pero una oposici\u00f3n responsable\u201d. Afirm\u00f3 que est\u00e1n listos para el debate en el Senado y que los ciudadanos juzguen su actuar, por ello se\u00f1al\u00f3 que todos los 22 senadores tienen listo un oficio de licencia en caso de alguna eventualidad para que los suplentes en caso necesario, tomen su lugar y no falte ning\u00fan voto en la sesi\u00f3n.<\/p>\n<p>La senadora Chuya D\u00edaz, coment\u00f3 que es triste lo que va a suceder si los 43 votos no se den por alguna ausencia, por lo que hizo un llamado a los senadores con los que se ha dialogado, como es el caso de Movimiento Ciudadano, \u201cque no le fallen a M\u00e9xico, a los ciudadanos; ocupamos gente con decisi\u00f3n y firmeza, y que estemos ah\u00ed porque no vamos a votar a favor\u201d.<\/p>\n<p>Liz Mart\u00ednez, cerr\u00f3 las intervenciones mencionando que esta reforma surge en la anterior legislatura. A una semana de haber tomado protesta se aprob\u00f3 la mencionada reforma con base en el resultado de los foros de consulta donde se notaba el desconocimiento por parte de la sociedad. Apunt\u00f3 que \u201ccon prudencia y tiempo que se requiera, se realicen foros y espacios para poder llevar el mensaje claro a la gente y darnos tiempo de escuchar a quienes est\u00e1n en la l\u00ednea de batalla como principales afectados, porque nosotros, si nos acercamos a la gente. El PAN va a dar la batalla hasta donde toque.<\/p>\n","protected":false},"excerpt":{"rendered":"<p>#informativoelvalledeaguascalientes #novaradioaguascalientes #informativoelvalledeaguascalientesll &nbsp; &nbsp; El presidente estatal del PAN Javier Lu\u00e9vano, manifiesta total respaldo a diputados y senadores ante el brutal ataque al sistema de justicia. No llegar\u00e1n los m\u00e1s capaces, sino los m\u00e1s populares al Poder Judicial, lo que pone en riesgo el estado de derecho, la libertad y la democracia: Paulo Mart\u00ednez. [&hellip;]<\/p>\n","protected":false},"author":13383,"featured_media":60580,"comment_status":"closed","ping_status":"open","sticky":false,"template":"","format":"standard","meta":{"advanced_seo_description":"","jetpack_seo_html_title":"","jetpack_seo_noindex":false,"_jetpack_memberships_contains_paid_content":false,"footnotes":"","jetpack_publicize_message":"","jetpack_publicize_feature_enabled":true,"jetpack_social_post_already_shared":true,"jetpack_social_options":{"image_generator_settings":{"template":"highway","default_image_id":0,"font":"","enabled":false},"version":2}},"categories":[21,7],"tags":[22,23],"class_list":["post-60579","post","type-post","status-publish","format-standard","has-post-thumbnail","hentry","category-aguascalientes","category-pan-aguascalientes","tag-aguascalientes","tag-pan-aguascalientes"],"jetpack_publicize_connections":[],"jetpack_featured_media_url":"https:\/\/i0.wp.com\/informativoelvalledeaguascalientes.online\/wp-content\/uploads\/2024\/09\/IMG-20240909-WA0123.jpg?fit=2560%2C1706&ssl=1","jetpack-related-posts":[],"jetpack_sharing_enabled":true,"jetpack_likes_enabled":true,"_links":{"self":[{"href":"https:\/\/informativoelvalledeaguascalientes.online\/index.php?rest_route=\/wp\/v2\/posts\/60579","targetHints":{"allow":["GET"]}}],"collection":[{"href":"https:\/\/informativoelvalledeaguascalientes.online\/index.php?rest_route=\/wp\/v2\/posts"}],"about":[{"href":"https:\/\/informativoelvalledeaguascalientes.online\/index.php?rest_route=\/wp\/v2\/types\/post"}],"author":[{"embeddable":true,"href":"https:\/\/informativoelvalledeaguascalientes.online\/index.php?rest_route=\/wp\/v2\/users\/13383"}],"replies":[{"embeddable":true,"href":"https:\/\/informativoelvalledeaguascalientes.online\/index.php?rest_route=%2Fwp%2Fv2%2Fcomments&post=60579"}],"version-history":[{"count":1,"href":"https:\/\/informativoelvalledeaguascalientes.online\/index.php?rest_route=\/wp\/v2\/posts\/60579\/revisions"}],"predecessor-version":[{"id":60581,"href":"https:\/\/informativoelvalledeaguascalientes.online\/index.php?rest_route=\/wp\/v2\/posts\/60579\/revisions\/60581"}],"wp:featuredmedia":[{"embeddable":true,"href":"https:\/\/informativoelvalledeaguascalientes.online\/index.php?rest_route=\/wp\/v2\/media\/60580"}],"wp:attachment":[{"href":"https:\/\/informativoelvalledeaguascalientes.online\/index.php?rest_route=%2Fwp%2Fv2%2Fmedia&parent=60579"}],"wp:term":[{"taxonomy":"category","embeddable":true,"href":"https:\/\/informativoelvalledeaguascalientes.online\/index.php?rest_route=%2Fwp%2Fv2%2Fcategories&post=60579"},{"taxonomy":"post_tag","embeddable":true,"href":"https:\/\/informativoelvalledeaguascalientes.online\/index.php?rest_route=%2Fwp%2Fv2%2Ftags&post=60579"}],"curies":[{"name":"wp","href":"https:\/\/api.w.org\/{rel}","templated":true}]}}