{"id":60246,"date":"2024-08-27T15:30:38","date_gmt":"2024-08-27T21:30:38","guid":{"rendered":"https:\/\/informativoelvalledeaguascalientes.online\/?p=60246"},"modified":"2024-08-28T18:35:27","modified_gmt":"2024-08-29T00:35:27","slug":"universidad-tecnologica-de-calvillo-tendra-carrera-de-medicina-este-viernes-comienza-el-examen-de-admision","status":"publish","type":"post","link":"https:\/\/informativoelvalledeaguascalientes.online\/?p=60246","title":{"rendered":"UNIVERSIDAD TECNOL\u00d3GICA DE CALVILLO TENDR\u00c1 CARRERA DE MEDICINA; ESTE VIERNES COMIENZA EL EXAMEN DE ADMISI\u00d3N"},"content":{"rendered":"<p>#informativoelvalledeaguascalientes<\/p>\n<p>#novaradioaguascalientes<\/p>\n<p>#informativoelvalledeaguascalientesll<\/p>\n<p>&nbsp;<\/p>\n<p>&nbsp;<\/p>\n<div id=\"bgLayers_comp-l7sh9ubq\" class=\"if7Vw2\" data-hook=\"bgLayers\" data-motion-part=\"BG_LAYER\">\n<div id=\"bgMedia_comp-l7sh9ubq\" class=\"wG8dni\" data-motion-part=\"BG_MEDIA\"><\/div>\n<\/div>\n<div class=\"V5AUxf\" data-testid=\"columns\">\n<div id=\"comp-l7sh9ubr2\" class=\"comp-l7sh9ubr2 YzqVVZ wixui-column-strip__column\">\n<div class=\"\" data-mesh-id=\"comp-l7sh9ubr2inlineContent\" data-testid=\"inline-content\">\n<div data-mesh-id=\"comp-l7sh9ubr2inlineContent-gridContainer\" data-testid=\"mesh-container-content\">\n<div id=\"comp-l7sh9ubx\" class=\"TWFxr5 \">\n<div class=\"comp-l7sh9ubx\">\n<div class=\"siSdJK4 comp-l7sh9ubx\" data-hook=\"ricosviewer-wrapper\">\n<div class=\"U4I07\" dir=\"ltr\" data-id=\"content-viewer\">\n<div class=\"hl-xW\">\n<div>\n<ul class=\"xErDo AnCKd\">\n<li class=\"_04hd2 vVfzz\" dir=\"auto\">\n<div>\n<p id=\"viewer-kzasz151\" class=\"-Zro6 -ZADH vVfzz AnCKd _57WYp\"><span class=\"d0767 vVfzz\"><strong><em>Las clases iniciar\u00e1n el pr\u00f3ximo 9 de septiembre<\/em><\/strong><\/span><\/p>\n<\/div>\n<\/li>\n<li class=\"_04hd2 vVfzz\" dir=\"auto\">\n<div>\n<p id=\"viewer-iawcu154\" class=\"-Zro6 -ZADH vVfzz AnCKd _57WYp\"><span class=\"d0767 vVfzz\"><strong><em>El examen de admisi\u00f3n ser\u00e1 el viernes 30 de agosto y el lunes 2 de septiembre<\/em><\/strong><\/span><\/p>\n<\/div>\n<\/li>\n<li class=\"_04hd2 vVfzz\" dir=\"auto\">\n<div>\n<p id=\"viewer-hb1d3157\" class=\"-Zro6 -ZADH vVfzz AnCKd _57WYp\"><span class=\"d0767 vVfzz\"><strong><em>Las y los interesados deben realizar su registro en <\/em><\/strong><a class=\"TWoY9 itht3\" href=\"http:\/\/admision.utcalvillo.edu.mx\/\" target=\"_self\" rel=\"noopener noreferrer\"><strong><em><u>http:\/\/admision.utcalvillo.edu.mx\/<\/u><\/em><\/strong><\/a><\/span><\/p>\n<\/div>\n<\/li>\n<\/ul>\n<div id=\"viewer-ttcpe160\" class=\"-Zro6 -ZADH vVfzz _57WYp\"><span class=\"d0767 vVfzz\">\u00a0<\/span><\/div>\n<p id=\"viewer-m3pu2178\" class=\"-Zro6 -ZADH vVfzz AnCKd _57WYp\"><span class=\"d0767 vVfzz\">El Gobierno del Estado anuncia con orgullo que la Universidad Tecnol\u00f3gica de Calvillo (UTC) se convertir\u00e1 en la primera instituci\u00f3n dentro del esquema de Universidades Tecnol\u00f3gicas y Polit\u00e9cnicas de la regi\u00f3n, en ofrecer la Licenciatura en Medicina a partir del 9 de septiembre pr\u00f3ximo.<\/span><\/p>\n<div id=\"viewer-c6zwu162\" class=\"-Zro6 -ZADH vVfzz _57WYp\"><span class=\"d0767 vVfzz\">\u00a0<\/span><\/div>\n<p id=\"viewer-2x9nj193\" class=\"-Zro6 -ZADH vVfzz AnCKd _57WYp\"><span class=\"d0767 vVfzz\">Este importante avance en la oferta educativa local marca una nueva etapa para la comunidad estudiantil y responde a la creciente demanda de profesionales en el \u00e1rea de la salud.<\/span><\/p>\n<div id=\"viewer-mnmkq208\" class=\"-Zro6 -ZADH vVfzz _57WYp\"><span class=\"d0767 vVfzz\">\u00a0<\/span><\/div>\n<p id=\"viewer-80sda164\" class=\"-Zro6 -ZADH vVfzz AnCKd _57WYp\"><span class=\"d0767 vVfzz\">\u201cEste logro es gracias al apoyo y respaldo de la gobernadora Tere Jim\u00e9nez, pues la educaci\u00f3n de calidad es una prioridad para la administraci\u00f3n que encabeza; por ello, con la apertura de esta carrera, el municipio de Calvillo abre una infinidad de oportunidades para las y los egresados de educaci\u00f3n media que desean estudiar medicina de manera accesible y cercana; estamos muy emocionados de recibirlos y de comenzar a escribir una nueva historia\u201d, mencion\u00f3 Eduardo Gonz\u00e1lez Blas, rector de la UTC.<\/span><\/p>\n<div id=\"viewer-txcf8223\" class=\"-Zro6 -ZADH vVfzz _57WYp\"><span class=\"d0767 vVfzz\">\u00a0<\/span><\/div>\n<p id=\"viewer-7m2zu166\" class=\"-Zro6 -ZADH vVfzz AnCKd _57WYp\"><span class=\"d0767 vVfzz\">Gonz\u00e1lez Blas inform\u00f3 que las fechas para el examen de admisi\u00f3n a esta carrera ser\u00e1n el viernes 30 de agosto y el lunes 2 de septiembre en dos horarios: 9:00 a. m. y 1:00 p. m., por lo que invit\u00f3 a las y los interesados a ingresar a la p\u00e1gina web de la universidad y registrarse en <a class=\"TWoY9 itht3\" href=\"http:\/\/admision.utcalvillo.edu.mx\/\" target=\"_self\" rel=\"noopener noreferrer\"><u>http:\/\/admision.utcalvillo.edu.mx\/<\/u><\/a><u>.<\/u><\/span><\/p>\n<div id=\"viewer-cqkan240\" class=\"-Zro6 -ZADH vVfzz _57WYp\"><span class=\"d0767 vVfzz\">\u00a0<\/span><\/div>\n<p id=\"viewer-msc7a170\" class=\"-Zro6 -ZADH vVfzz AnCKd _57WYp\"><span class=\"d0767 vVfzz\">Para obtener m\u00e1s informaci\u00f3n sobre el proceso de admisi\u00f3n y recibir una atenci\u00f3n personalizada, las y los aspirantes pueden comunicarse a los tel\u00e9fonos 495 956 50 63,\u00a0extensiones 121 y 122, o v\u00eda WhatsApp al 495 101 49 82.<\/span><\/p>\n<\/div>\n<\/div>\n<\/div>\n<\/div>\n<\/div>\n<\/div>\n<\/div>\n<\/div>\n<\/div>\n<\/div>\n","protected":false},"excerpt":{"rendered":"<p>#informativoelvalledeaguascalientes #novaradioaguascalientes #informativoelvalledeaguascalientesll &nbsp; &nbsp; Las clases iniciar\u00e1n el pr\u00f3ximo 9 de septiembre El examen de admisi\u00f3n ser\u00e1 el viernes 30 de agosto y el lunes 2 de septiembre Las y los interesados deben realizar su registro en http:\/\/admision.utcalvillo.edu.mx\/ \u00a0 El Gobierno del Estado anuncia con orgullo que la Universidad Tecnol\u00f3gica de Calvillo (UTC) se [&hellip;]<\/p>\n","protected":false},"author":13383,"featured_media":60247,"comment_status":"closed","ping_status":"open","sticky":false,"template":"","format":"standard","meta":{"_monsterinsights_skip_tracking":false,"advanced_seo_description":"","jetpack_seo_html_title":"","jetpack_seo_noindex":false,"jetpack_seo_schema_type":"","_jetpack_newsletter_access":"","_jetpack_dont_email_post_to_subs":false,"_jetpack_newsletter_tier_id":0,"_jetpack_memberships_contains_paywalled_content":false,"_jetpack_feature_clip_id":0,"_jetpack_memberships_contains_paid_content":false,"footnotes":"","jetpack_publicize_message":"","jetpack_publicize_feature_enabled":true,"jetpack_social_post_already_shared":true,"jetpack_social_options":{"image_generator_settings":{"template":"highway","default_image_id":0,"font":"","enabled":false},"version":2},"jetpack_post_was_ever_published":false},"categories":[21,13],"tags":[22,29,615],"class_list":["post-60246","post","type-post","status-publish","format-standard","has-post-thumbnail","hentry","category-aguascalientes","category-calvillo-aguascalientes","tag-aguascalientes","tag-calvillo-aguascalientes","tag-gobierno-del-estado-de-aguascalientes"],"jetpack_publicize_connections":[],"jetpack_featured_media_url":"https:\/\/i0.wp.com\/informativoelvalledeaguascalientes.online\/wp-content\/uploads\/2024\/08\/3-2.jpeg?fit=1600%2C1066&ssl=1","jetpack-related-posts":[],"jetpack_sharing_enabled":true,"jetpack_likes_enabled":true,"_links":{"self":[{"href":"https:\/\/informativoelvalledeaguascalientes.online\/index.php?rest_route=\/wp\/v2\/posts\/60246","targetHints":{"allow":["GET"]}}],"collection":[{"href":"https:\/\/informativoelvalledeaguascalientes.online\/index.php?rest_route=\/wp\/v2\/posts"}],"about":[{"href":"https:\/\/informativoelvalledeaguascalientes.online\/index.php?rest_route=\/wp\/v2\/types\/post"}],"author":[{"embeddable":true,"href":"https:\/\/informativoelvalledeaguascalientes.online\/index.php?rest_route=\/wp\/v2\/users\/13383"}],"replies":[{"embeddable":true,"href":"https:\/\/informativoelvalledeaguascalientes.online\/index.php?rest_route=%2Fwp%2Fv2%2Fcomments&post=60246"}],"version-history":[{"count":1,"href":"https:\/\/informativoelvalledeaguascalientes.online\/index.php?rest_route=\/wp\/v2\/posts\/60246\/revisions"}],"predecessor-version":[{"id":60248,"href":"https:\/\/informativoelvalledeaguascalientes.online\/index.php?rest_route=\/wp\/v2\/posts\/60246\/revisions\/60248"}],"wp:featuredmedia":[{"embeddable":true,"href":"https:\/\/informativoelvalledeaguascalientes.online\/index.php?rest_route=\/wp\/v2\/media\/60247"}],"wp:attachment":[{"href":"https:\/\/informativoelvalledeaguascalientes.online\/index.php?rest_route=%2Fwp%2Fv2%2Fmedia&parent=60246"}],"wp:term":[{"taxonomy":"category","embeddable":true,"href":"https:\/\/informativoelvalledeaguascalientes.online\/index.php?rest_route=%2Fwp%2Fv2%2Fcategories&post=60246"},{"taxonomy":"post_tag","embeddable":true,"href":"https:\/\/informativoelvalledeaguascalientes.online\/index.php?rest_route=%2Fwp%2Fv2%2Ftags&post=60246"}],"curies":[{"name":"wp","href":"https:\/\/api.w.org\/{rel}","templated":true}]}}