{"id":60228,"date":"2024-08-27T17:51:24","date_gmt":"2024-08-27T23:51:24","guid":{"rendered":"https:\/\/informativoelvalledeaguascalientes.online\/?p=60228"},"modified":"2024-08-28T17:52:42","modified_gmt":"2024-08-28T23:52:42","slug":"atleta-aguascalentense-representara-a-mexico-en-el-mundial-de-natacion-isf-gymnasiade-bahrain-2024","status":"publish","type":"post","link":"https:\/\/informativoelvalledeaguascalientes.online\/?p=60228","title":{"rendered":"ATLETA AGUASCALENTENSE REPRESENTAR\u00c1 A M\u00c9XICO EN EL MUNDIAL DE NATACI\u00d3N &#8220;ISF GYMNASIADE BAHRAIN 2024&#8221;"},"content":{"rendered":"<p>#informativoelvalledeaguascalientes<\/p>\n<p>#novaradioaguascalientes<\/p>\n<p>#informativoelvalledeaguascalientesll<\/p>\n<p>&nbsp;<\/p>\n<div class=\"\" data-mesh-id=\"comp-l7sh9ubr2inlineContent\" data-testid=\"inline-content\">\n<div data-mesh-id=\"comp-l7sh9ubr2inlineContent-gridContainer\" data-testid=\"mesh-container-content\">\n<div id=\"comp-l7yvxqo2\" class=\"MazNVa comp-l7yvxqo2 wixui-image\">\n<div class=\"j7pOnl\" data-testid=\"linkElement\"><\/div>\n<\/div>\n<div id=\"comp-l7sh9ubx\" class=\"TWFxr5 \">\n<div class=\"comp-l7sh9ubx\">\n<div class=\"siSdJK4 comp-l7sh9ubx\" data-hook=\"ricosviewer-wrapper\">\n<div class=\"U4I07\" dir=\"ltr\" data-id=\"content-viewer\">\n<div class=\"hl-xW\">\n<div>\n<p id=\"viewer-foo\" class=\"-Zro6 -ZADH vVfzz AnCKd _57WYp\"><span class=\"d0767 vVfzz\">El Gobierno del Estado felicita al atleta Abraham Fabi\u00e1n Cardoso por haber sido seleccionado para representar a Aguascalientes y a M\u00e9xico en el prestigioso Mundial de Nataci\u00f3n &#8220;ISF Gymnasiade Bahrain 2024&#8221;, que se llevar\u00e1 a cabo en la ciudad de Manama del 23 al 31 de octubre.\u00a0<\/span><\/p>\n<div id=\"viewer-idn12123\" class=\"-Zro6 -ZADH vVfzz _57WYp\"><span class=\"d0767 vVfzz\">\u00a0<\/span><\/div>\n<p id=\"viewer-ikpnt124\" class=\"-Zro6 -ZADH vVfzz AnCKd _57WYp\"><span class=\"d0767 vVfzz\">Actualmente, el joven de 17 a\u00f1os se encuentra en plena preparaci\u00f3n para dar lo mejor de s\u00ed mismo en esta importante competencia y regresar a casa con resultados destacados.<\/span><\/p>\n<div id=\"viewer-b82bq126\" class=\"-Zro6 -ZADH vVfzz _57WYp\"><span class=\"d0767 vVfzz\">\u00a0<\/span><\/div>\n<p id=\"viewer-rahps127\" class=\"-Zro6 -ZADH vVfzz AnCKd _57WYp\"><span class=\"d0767 vVfzz\">La gobernadora Tere Jim\u00e9nez mantiene firme su compromiso de apoyar a los j\u00f3venes deportistas y brindarles las oportunidades necesarias para que puedan alcanzar sus sue\u00f1os.\u00a0<\/span><\/p>\n<div id=\"viewer-4v7q8129\" class=\"-Zro6 -ZADH vVfzz _57WYp\"><span class=\"d0767 vVfzz\">\u00a0<\/span><\/div>\n<p id=\"viewer-csjf6130\" class=\"-Zro6 -ZADH vVfzz AnCKd _57WYp\"><span class=\"d0767 vVfzz\">Por ello, el Gobierno del Estado, a trav\u00e9s del Instituto del Deporte del Estado de Aguascalientes (IDEA), contin\u00faa su labor de respaldo a los atletas locales, al proporcionarles los recursos y el apoyo t\u00e9cnico necesarios para poder destacar en el \u00e1mbito deportivo y poner en alto el nombre de Aguascalientes y M\u00e9xico en competencias internacionales.<\/span><\/p>\n<div id=\"viewer-qt2f8132\" class=\"-Zro6 -ZADH vVfzz _57WYp\"><span class=\"d0767 vVfzz\">\u00a0<\/span><\/div>\n<p id=\"viewer-qynof133\" class=\"-Zro6 -ZADH vVfzz AnCKd _57WYp\"><span class=\"d0767 vVfzz\">Para quienes desean apoyar m\u00e1s de cerca al joven talento, pueden ponerse en contacto con \u00e9l a trav\u00e9s de sus redes sociales, donde lo encuentran como @ab_raham1015 en Instagram.<\/span><\/p>\n<div id=\"viewer-lbkcy135\" class=\"-Zro6 -ZADH vVfzz _57WYp\"><\/div>\n<\/div>\n<\/div>\n<\/div>\n<\/div>\n<\/div>\n<\/div>\n<\/div>\n<\/div>\n","protected":false},"excerpt":{"rendered":"<p>#informativoelvalledeaguascalientes #novaradioaguascalientes #informativoelvalledeaguascalientesll &nbsp; El Gobierno del Estado felicita al atleta Abraham Fabi\u00e1n Cardoso por haber sido seleccionado para representar a Aguascalientes y a M\u00e9xico en el prestigioso Mundial de Nataci\u00f3n &#8220;ISF Gymnasiade Bahrain 2024&#8221;, que se llevar\u00e1 a cabo en la ciudad de Manama del 23 al 31 de octubre.\u00a0 \u00a0 Actualmente, el joven [&hellip;]<\/p>\n","protected":false},"author":13383,"featured_media":60229,"comment_status":"closed","ping_status":"open","sticky":false,"template":"","format":"standard","meta":{"_monsterinsights_skip_tracking":false,"advanced_seo_description":"","jetpack_seo_html_title":"","jetpack_seo_noindex":false,"jetpack_seo_schema_type":"","_jetpack_newsletter_access":"","_jetpack_dont_email_post_to_subs":false,"_jetpack_newsletter_tier_id":0,"_jetpack_memberships_contains_paywalled_content":false,"_jetpack_feature_clip_id":0,"_jetpack_memberships_contains_paid_content":false,"footnotes":"","jetpack_publicize_message":"","jetpack_publicize_feature_enabled":true,"jetpack_social_post_already_shared":true,"jetpack_social_options":{"image_generator_settings":{"template":"highway","default_image_id":0,"font":"","enabled":false},"version":2},"jetpack_post_was_ever_published":false},"categories":[21,4,19],"tags":[22,615,113],"class_list":["post-60228","post","type-post","status-publish","format-standard","has-post-thumbnail","hentry","category-aguascalientes","category-gobierno-del-estado-aguascalientes","category-informacion-general","tag-aguascalientes","tag-gobierno-del-estado-de-aguascalientes","tag-idea"],"jetpack_publicize_connections":[],"jetpack_featured_media_url":"https:\/\/i0.wp.com\/informativoelvalledeaguascalientes.online\/wp-content\/uploads\/2024\/08\/2-2.jpeg?fit=1600%2C1066&ssl=1","jetpack-related-posts":[],"jetpack_sharing_enabled":true,"jetpack_likes_enabled":true,"_links":{"self":[{"href":"https:\/\/informativoelvalledeaguascalientes.online\/index.php?rest_route=\/wp\/v2\/posts\/60228","targetHints":{"allow":["GET"]}}],"collection":[{"href":"https:\/\/informativoelvalledeaguascalientes.online\/index.php?rest_route=\/wp\/v2\/posts"}],"about":[{"href":"https:\/\/informativoelvalledeaguascalientes.online\/index.php?rest_route=\/wp\/v2\/types\/post"}],"author":[{"embeddable":true,"href":"https:\/\/informativoelvalledeaguascalientes.online\/index.php?rest_route=\/wp\/v2\/users\/13383"}],"replies":[{"embeddable":true,"href":"https:\/\/informativoelvalledeaguascalientes.online\/index.php?rest_route=%2Fwp%2Fv2%2Fcomments&post=60228"}],"version-history":[{"count":1,"href":"https:\/\/informativoelvalledeaguascalientes.online\/index.php?rest_route=\/wp\/v2\/posts\/60228\/revisions"}],"predecessor-version":[{"id":60230,"href":"https:\/\/informativoelvalledeaguascalientes.online\/index.php?rest_route=\/wp\/v2\/posts\/60228\/revisions\/60230"}],"wp:featuredmedia":[{"embeddable":true,"href":"https:\/\/informativoelvalledeaguascalientes.online\/index.php?rest_route=\/wp\/v2\/media\/60229"}],"wp:attachment":[{"href":"https:\/\/informativoelvalledeaguascalientes.online\/index.php?rest_route=%2Fwp%2Fv2%2Fmedia&parent=60228"}],"wp:term":[{"taxonomy":"category","embeddable":true,"href":"https:\/\/informativoelvalledeaguascalientes.online\/index.php?rest_route=%2Fwp%2Fv2%2Fcategories&post=60228"},{"taxonomy":"post_tag","embeddable":true,"href":"https:\/\/informativoelvalledeaguascalientes.online\/index.php?rest_route=%2Fwp%2Fv2%2Ftags&post=60228"}],"curies":[{"name":"wp","href":"https:\/\/api.w.org\/{rel}","templated":true}]}}