{"id":60191,"date":"2024-08-28T12:40:28","date_gmt":"2024-08-28T18:40:28","guid":{"rendered":"https:\/\/informativoelvalledeaguascalientes.online\/?p=60191"},"modified":"2024-08-28T16:41:55","modified_gmt":"2024-08-28T22:41:55","slug":"entrega-tere-jimenez-nueva-infraestructura-educativa-y-uniformes-escolares-en-paseos-del-sur","status":"publish","type":"post","link":"https:\/\/informativoelvalledeaguascalientes.online\/?p=60191","title":{"rendered":"ENTREGA TERE JIM\u00c9NEZ NUEVA INFRAESTRUCTURA EDUCATIVA Y UNIFORMES ESCOLARES EN PASEOS DEL SUR"},"content":{"rendered":"<p>#informativoelvalledeaguascalientes<\/p>\n<p>#novaradioaguascalientes<\/p>\n<p>#informativoelvalledeaguascalientesll<\/p>\n<p>&nbsp;<\/p>\n<p>&nbsp;<\/p>\n<ul class=\"xErDo AnCKd\">\n<li class=\"_04hd2 vVfzz\" dir=\"auto\">\n<div>\n<p id=\"viewer-77996160\" class=\"-Zro6 -ZADH vVfzz AnCKd _57WYp\"><span class=\"d0767 vVfzz\"><strong><em>La gobernadora entreg\u00f3 un nuevo preescolar y una primaria que brindar\u00e1n atenci\u00f3n a cerca de 500 alumnas y alumnos de la zona sur de la ciudad\u00a0<\/em><\/strong><\/span><\/p>\n<\/div>\n<\/li>\n<li class=\"_04hd2 vVfzz\" dir=\"auto\">\n<div>\n<p id=\"viewer-t2bf0163\" class=\"-Zro6 -ZADH vVfzz AnCKd _57WYp\"><span class=\"d0767 vVfzz\"><strong><em>Ambos planteles se consolidaron con una inversi\u00f3n de 35 millones de pesos<\/em><\/strong><\/span><\/p>\n<\/div>\n<\/li>\n<li class=\"_04hd2 vVfzz\" dir=\"auto\">\n<div>\n<p id=\"viewer-kwaik166\" class=\"-Zro6 -ZADH vVfzz AnCKd _57WYp\"><span class=\"d0767 vVfzz\"><strong><em>Nuestros estudiantes tendr\u00e1n escuelas dignas y educaci\u00f3n de calidad para que sean los mejores: Tere Jim\u00e9nez\u00a0<\/em><\/strong><\/span><\/p>\n<\/div>\n<\/li>\n<\/ul>\n<div id=\"viewer-fbi3d168\" class=\"-Zro6 -ZADH IjV6v _57WYp\"><span class=\"d0767\">\u00a0<\/span><\/div>\n<p id=\"viewer-whh7q169\" class=\"-Zro6 -ZADH vVfzz AnCKd _57WYp\"><span class=\"d0767 vVfzz\">Como parte de su compromiso con la educaci\u00f3n y el bienestar de la infancia de Aguascalientes, la gobernadora Tere Jim\u00e9nez inaugur\u00f3 dos nuevos planteles educativos en el fraccionamiento Paseos del Sur, un preescolar y una primaria, donde adem\u00e1s entreg\u00f3 uniformes escolares a la comunidad estudiantil.<\/span><\/p>\n<div id=\"viewer-4bp8q197\" class=\"-Zro6 -ZADH vVfzz _57WYp\"><span class=\"d0767 vVfzz\">\u00a0<\/span><\/div>\n<p id=\"viewer-nmuln171\" class=\"-Zro6 -ZADH vVfzz AnCKd _57WYp\"><span class=\"d0767 vVfzz\">Los nuevos centros educativos tuvieron una inversi\u00f3n de 35 millones de pesos y atender\u00e1n a cerca de 500 alumnas y alumnos de la zona sur de la ciudad.<\/span><\/p>\n<div id=\"viewer-eyqjp211\" class=\"-Zro6 -ZADH vVfzz _57WYp\"><span class=\"d0767 vVfzz\">\u00a0<\/span><\/div>\n<p id=\"viewer-cyobj173\" class=\"-Zro6 -ZADH vVfzz AnCKd _57WYp\"><span class=\"d0767 vVfzz\">\u201cHoy, estas escuelas son una realidad que va a venir a ayudar a que sus hijas e hijos salgan adelante, s\u00edganlos impulsando, pues nosotros seguiremos apoy\u00e1ndolos; desde el Gobierno estatal tenemos becas y programas para brindarles las herramientas para que las y los alumnos tengan escuelas dignas y educaci\u00f3n de calidad, para que aprendan bien y nos superen el d\u00eda de ma\u00f1ana, y que puedan conquistar no solo Aguascalientes, sino el mundo entero\u201d, les dijo la gobernadora.<\/span><\/p>\n<div id=\"viewer-trjwa225\" class=\"-Zro6 -ZADH vVfzz _57WYp\"><span class=\"d0767 vVfzz\">\u00a0<\/span><\/div>\n<p id=\"viewer-rxh7f175\" class=\"-Zro6 -ZADH vVfzz AnCKd _57WYp\"><span class=\"d0767 vVfzz\">Leonardo Monta\u00f1ez Castro, presidente municipal de Aguascalientes, destac\u00f3 el impulso que la gobernadora ha dado desde su administraci\u00f3n a la educaci\u00f3n.<\/span><\/p>\n<div id=\"viewer-tp5s7177\" class=\"-Zro6 -ZADH IjV6v _57WYp\"><span class=\"d0767\">\u00a0<\/span><\/div>\n<p id=\"viewer-wtr0r178\" class=\"-Zro6 -ZADH vVfzz AnCKd _57WYp\"><span class=\"d0767 vVfzz\">\u201cA los padres nos preocupa que nuestros hijos tengan herramientas para salir adelante y la gobernadora ha hecho un gran trabajo en pro de la educaci\u00f3n; gracias, gobernadora, por seguir trabajando en lo mejor que puede tener un pa\u00eds, que es la educaci\u00f3n\u201d, subray\u00f3 el alcalde.<\/span><\/p>\n<div id=\"viewer-s8ctp180\" class=\"-Zro6 -ZADH IjV6v _57WYp\"><span class=\"d0767\">\u00a0<\/span><\/div>\n<p id=\"viewer-75fp8181\" class=\"-Zro6 -ZADH vVfzz AnCKd _57WYp\"><span class=\"d0767 vVfzz\">Vanessa Arlehte Mor\u00e1n Jaime, directora del preescolar, dio la bienvenida a las autoridades y agradeci\u00f3 a la gobernadora por beneficiar a la comunidad educativa de Paseos del Sur.<\/span><\/p>\n<div id=\"viewer-uiwhm183\" class=\"-Zro6 -ZADH IjV6v _57WYp\"><span class=\"d0767\">\u00a0<\/span><\/div>\n<p id=\"viewer-bh5pv184\" class=\"-Zro6 -ZADH vVfzz AnCKd _57WYp\"><span class=\"d0767 vVfzz\">\u201cGobernadora, reconozco su liderazgo, responsabilidad, visi\u00f3n y compromiso por ofrecer una educaci\u00f3n de excelencia, demostrando que esta es una prioridad en su gobierno; gracias por su incansable esfuerzo en hacer realidad el sue\u00f1o de muchas familias, pues vemos su dedicaci\u00f3n por mejorar la infraestructura educativa y esta entrega es una prueba de ello\u201d.\u00a0<\/span><\/p>\n<div id=\"viewer-up0gp186\" class=\"-Zro6 -ZADH IjV6v _57WYp\"><span class=\"d0767\">\u00a0<\/span><\/div>\n<p id=\"viewer-36ezo187\" class=\"-Zro6 -ZADH vVfzz AnCKd _57WYp\"><span class=\"d0767 vVfzz\">Martha Leticia Sep\u00falveda, madre de familia, habl\u00f3 en nombre de todos los beneficiados. \u201cNos llena de alegr\u00eda estar aqu\u00ed, porque esto representa el compromiso de la gobernadora y garantiza un futuro prometedor para nuestros hijos; gracias por darle la importancia a la educaci\u00f3n, pues es la base sobre la cual se edifica el progreso, y con este jard\u00edn de ni\u00f1os y la escuela abrimos las puertas a un futuro lleno de oportunidades para nuestros hijos; nosotros, como padres, vamos a apoyar a los maestros, pues juntos podremos construir un buen entorno\u201d,\u00a0<\/span><\/p>\n<div id=\"viewer-zvdbu189\" class=\"-Zro6 -ZADH IjV6v _57WYp\"><span class=\"d0767\">\u00a0<\/span><\/div>\n<p id=\"viewer-pt7kk190\" class=\"-Zro6 -ZADH vVfzz AnCKd _57WYp\"><span class=\"d0767 vVfzz\">Acompa\u00f1aron a la gobernadora, Luis Enrique Guti\u00e9rrez Reynoso, director general del Instituto de Educaci\u00f3n de Aguascalientes; Ram\u00f3n Garc\u00eda Alvizo, secretario de la Secci\u00f3n Uno del SNTE; Jos\u00e9 Nicol\u00e1s Guti\u00e9rrez Dom\u00ednguez, representante del CEN en la Secci\u00f3n Uno del SNTE; J. Jes\u00fas Lara Ram\u00edrez, director general del Instituto de Infraestructura F\u00edsica Educativa del Estado; Estela Frausto Rico, directora de primaria y los alumnos \u00c9rik Santiago M\u00e9ndez Hern\u00e1ndez y Camilo Alexander Baltazar Zamudio.<\/span><\/p>\n<div id=\"viewer-4ptcy192\" class=\"-Zro6 -ZADH IjV6v _57WYp\"><\/div>\n","protected":false},"excerpt":{"rendered":"<p>#informativoelvalledeaguascalientes #novaradioaguascalientes #informativoelvalledeaguascalientesll &nbsp; &nbsp; La gobernadora entreg\u00f3 un nuevo preescolar y una primaria que brindar\u00e1n atenci\u00f3n a cerca de 500 alumnas y alumnos de la zona sur de la ciudad\u00a0 Ambos planteles se consolidaron con una inversi\u00f3n de 35 millones de pesos Nuestros estudiantes tendr\u00e1n escuelas dignas y educaci\u00f3n de calidad para que sean [&hellip;]<\/p>\n","protected":false},"author":13383,"featured_media":60192,"comment_status":"closed","ping_status":"open","sticky":false,"template":"","format":"standard","meta":{"_monsterinsights_skip_tracking":false,"advanced_seo_description":"","jetpack_seo_html_title":"","jetpack_seo_noindex":false,"jetpack_seo_schema_type":"","_jetpack_newsletter_access":"","_jetpack_dont_email_post_to_subs":false,"_jetpack_newsletter_tier_id":0,"_jetpack_memberships_contains_paywalled_content":false,"_jetpack_feature_clip_id":0,"_jetpack_memberships_contains_paid_content":false,"footnotes":"","jetpack_publicize_message":"","jetpack_publicize_feature_enabled":true,"jetpack_social_post_already_shared":true,"jetpack_social_options":{"image_generator_settings":{"template":"highway","default_image_id":0,"font":"","enabled":false},"version":2},"jetpack_post_was_ever_published":false},"categories":[21,4],"tags":[22,615,467,320],"class_list":["post-60191","post","type-post","status-publish","format-standard","has-post-thumbnail","hentry","category-aguascalientes","category-gobierno-del-estado-aguascalientes","tag-aguascalientes","tag-gobierno-del-estado-de-aguascalientes","tag-leo-montanez","tag-tere-jimenez"],"jetpack_publicize_connections":[],"jetpack_featured_media_url":"https:\/\/i0.wp.com\/informativoelvalledeaguascalientes.online\/wp-content\/uploads\/2024\/08\/1-2.jpeg?fit=1600%2C1066&ssl=1","jetpack-related-posts":[],"jetpack_sharing_enabled":true,"jetpack_likes_enabled":true,"_links":{"self":[{"href":"https:\/\/informativoelvalledeaguascalientes.online\/index.php?rest_route=\/wp\/v2\/posts\/60191","targetHints":{"allow":["GET"]}}],"collection":[{"href":"https:\/\/informativoelvalledeaguascalientes.online\/index.php?rest_route=\/wp\/v2\/posts"}],"about":[{"href":"https:\/\/informativoelvalledeaguascalientes.online\/index.php?rest_route=\/wp\/v2\/types\/post"}],"author":[{"embeddable":true,"href":"https:\/\/informativoelvalledeaguascalientes.online\/index.php?rest_route=\/wp\/v2\/users\/13383"}],"replies":[{"embeddable":true,"href":"https:\/\/informativoelvalledeaguascalientes.online\/index.php?rest_route=%2Fwp%2Fv2%2Fcomments&post=60191"}],"version-history":[{"count":1,"href":"https:\/\/informativoelvalledeaguascalientes.online\/index.php?rest_route=\/wp\/v2\/posts\/60191\/revisions"}],"predecessor-version":[{"id":60193,"href":"https:\/\/informativoelvalledeaguascalientes.online\/index.php?rest_route=\/wp\/v2\/posts\/60191\/revisions\/60193"}],"wp:featuredmedia":[{"embeddable":true,"href":"https:\/\/informativoelvalledeaguascalientes.online\/index.php?rest_route=\/wp\/v2\/media\/60192"}],"wp:attachment":[{"href":"https:\/\/informativoelvalledeaguascalientes.online\/index.php?rest_route=%2Fwp%2Fv2%2Fmedia&parent=60191"}],"wp:term":[{"taxonomy":"category","embeddable":true,"href":"https:\/\/informativoelvalledeaguascalientes.online\/index.php?rest_route=%2Fwp%2Fv2%2Fcategories&post=60191"},{"taxonomy":"post_tag","embeddable":true,"href":"https:\/\/informativoelvalledeaguascalientes.online\/index.php?rest_route=%2Fwp%2Fv2%2Ftags&post=60191"}],"curies":[{"name":"wp","href":"https:\/\/api.w.org\/{rel}","templated":true}]}}