{"id":60126,"date":"2024-08-25T13:44:29","date_gmt":"2024-08-25T19:44:29","guid":{"rendered":"https:\/\/informativoelvalledeaguascalientes.online\/?p=60126"},"modified":"2024-08-25T18:46:17","modified_gmt":"2024-08-26T00:46:17","slug":"mas-de-mil-oportunidades-laborales-se-ofertaran-este-27-de-agosto-en-pabellon-de-hidalgo-y-en-la-cabecera-municipal-de-rincon-de-romos","status":"publish","type":"post","link":"https:\/\/informativoelvalledeaguascalientes.online\/?p=60126","title":{"rendered":"M\u00c1S DE MIL OPORTUNIDADES LABORALES SE OFERTAR\u00c1N ESTE 27 DE AGOSTO EN PABELL\u00d3N DE HIDALGO Y EN LA CABECERA MUNICIPAL DE RINC\u00d3N DE ROMOS"},"content":{"rendered":"<p>#informativoelvalledeaguascalientes<\/p>\n<p>#novaradioaguascalientes<\/p>\n<p>#informativoelvalledeaguascalientesll<\/p>\n<p>&nbsp;<\/p>\n<p>&nbsp;<\/p>\n<p id=\"viewer-foo\" class=\"-Zro6 -ZADH vVfzz AnCKd _57WYp\"><span class=\"d0767 vVfzz\">El Gobierno del Estado invita a la pr\u00f3xima \u201cBrigada de Empleo en tu Municipio\u201d que se realizar\u00e1 simult\u00e1neamente en la comunidad Pabell\u00f3n de Hidalgo y en la Cabecera Municipal de Rinc\u00f3n de Romos, este martes 27 de agosto, de las 9:00 de la ma\u00f1ana a las 2:00 de la tarde.\u00a0<\/span><\/p>\n<div id=\"viewer-7b4gs166\" class=\"-Zro6 -ZADH IjV6v _57WYp\"><span class=\"d0767\">\u00a0<\/span><\/div>\n<p id=\"viewer-s5t6c167\" class=\"-Zro6 -ZADH vVfzz AnCKd _57WYp\"><span class=\"d0767 vVfzz\">En Pabell\u00f3n de Hidalgo la jornada se llevar\u00e1 a cabo en la plaza principal, frente al Museo de la Insurgencia; mientras que en la Cabecera Municipal ser\u00e1 en las instalaciones de la presidencia municipal, donde se ofertar\u00e1n m\u00e1s de 1,000 oportunidades laborales para personas mayores de 18 a\u00f1os con escolaridad desde nivel primaria hasta alguna profesi\u00f3n t\u00e9cnica o profesionista.<\/span><\/p>\n<div id=\"viewer-jz1bz169\" class=\"-Zro6 -ZADH IjV6v _57WYp\"><span class=\"d0767\">\u00a0<\/span><\/div>\n<p id=\"viewer-1qxn9170\" class=\"-Zro6 -ZADH vVfzz AnCKd _57WYp\"><span class=\"d0767 vVfzz\">Se recomienda acudir a la brigada con identificaci\u00f3n oficial, CURP, as\u00ed como varias solicitudes de empleo o curriculum vitae, para aplicar a las vacantes de su inter\u00e9s.<\/span><\/p>\n<div id=\"viewer-tlx2d172\" class=\"-Zro6 -ZADH IjV6v _57WYp\"><span class=\"d0767\">\u00a0<\/span><\/div>\n<p id=\"viewer-qz12y173\" class=\"-Zro6 -ZADH vVfzz AnCKd _57WYp\"><span class=\"d0767 vVfzz\">Para m\u00e1s detalles, acudir a las oficinas del Servicio Estatal y Nacional de Empleo Aguascalientes (SNEA), ubicadas en el Ficotrece, en Av. Manuel G\u00f3mez Mor\u00edn s\/n, Nave 55, col. Ferronales; o comunicarse al tel\u00e9fono 449 971 94 01, extensi\u00f3n 5900.<\/span><\/p>\n<div id=\"viewer-8ce8b177\" class=\"-Zro6 -ZADH IjV6v _57WYp\"><\/div>\n","protected":false},"excerpt":{"rendered":"<p>#informativoelvalledeaguascalientes #novaradioaguascalientes #informativoelvalledeaguascalientesll &nbsp; &nbsp; El Gobierno del Estado invita a la pr\u00f3xima \u201cBrigada de Empleo en tu Municipio\u201d que se realizar\u00e1 simult\u00e1neamente en la comunidad Pabell\u00f3n de Hidalgo y en la Cabecera Municipal de Rinc\u00f3n de Romos, este martes 27 de agosto, de las 9:00 de la ma\u00f1ana a las 2:00 de la tarde.\u00a0 [&hellip;]<\/p>\n","protected":false},"author":13383,"featured_media":60127,"comment_status":"closed","ping_status":"open","sticky":false,"template":"","format":"standard","meta":{"_monsterinsights_skip_tracking":false,"advanced_seo_description":"","jetpack_seo_html_title":"","jetpack_seo_noindex":false,"jetpack_seo_schema_type":"","_jetpack_newsletter_access":"","_jetpack_dont_email_post_to_subs":false,"_jetpack_newsletter_tier_id":0,"_jetpack_memberships_contains_paywalled_content":false,"_jetpack_feature_clip_id":0,"_jetpack_memberships_contains_paid_content":false,"footnotes":"","jetpack_publicize_message":"","jetpack_publicize_feature_enabled":true,"jetpack_social_post_already_shared":true,"jetpack_social_options":{"image_generator_settings":{"template":"highway","default_image_id":0,"font":"","enabled":false},"version":2},"jetpack_post_was_ever_published":false},"categories":[21,4],"tags":[22,615],"class_list":["post-60126","post","type-post","status-publish","format-standard","has-post-thumbnail","hentry","category-aguascalientes","category-gobierno-del-estado-aguascalientes","tag-aguascalientes","tag-gobierno-del-estado-de-aguascalientes"],"jetpack_publicize_connections":[],"jetpack_featured_media_url":"https:\/\/i0.wp.com\/informativoelvalledeaguascalientes.online\/wp-content\/uploads\/2024\/08\/39.jpeg?fit=1280%2C960&ssl=1","jetpack-related-posts":[],"jetpack_sharing_enabled":true,"jetpack_likes_enabled":true,"_links":{"self":[{"href":"https:\/\/informativoelvalledeaguascalientes.online\/index.php?rest_route=\/wp\/v2\/posts\/60126","targetHints":{"allow":["GET"]}}],"collection":[{"href":"https:\/\/informativoelvalledeaguascalientes.online\/index.php?rest_route=\/wp\/v2\/posts"}],"about":[{"href":"https:\/\/informativoelvalledeaguascalientes.online\/index.php?rest_route=\/wp\/v2\/types\/post"}],"author":[{"embeddable":true,"href":"https:\/\/informativoelvalledeaguascalientes.online\/index.php?rest_route=\/wp\/v2\/users\/13383"}],"replies":[{"embeddable":true,"href":"https:\/\/informativoelvalledeaguascalientes.online\/index.php?rest_route=%2Fwp%2Fv2%2Fcomments&post=60126"}],"version-history":[{"count":1,"href":"https:\/\/informativoelvalledeaguascalientes.online\/index.php?rest_route=\/wp\/v2\/posts\/60126\/revisions"}],"predecessor-version":[{"id":60128,"href":"https:\/\/informativoelvalledeaguascalientes.online\/index.php?rest_route=\/wp\/v2\/posts\/60126\/revisions\/60128"}],"wp:featuredmedia":[{"embeddable":true,"href":"https:\/\/informativoelvalledeaguascalientes.online\/index.php?rest_route=\/wp\/v2\/media\/60127"}],"wp:attachment":[{"href":"https:\/\/informativoelvalledeaguascalientes.online\/index.php?rest_route=%2Fwp%2Fv2%2Fmedia&parent=60126"}],"wp:term":[{"taxonomy":"category","embeddable":true,"href":"https:\/\/informativoelvalledeaguascalientes.online\/index.php?rest_route=%2Fwp%2Fv2%2Fcategories&post=60126"},{"taxonomy":"post_tag","embeddable":true,"href":"https:\/\/informativoelvalledeaguascalientes.online\/index.php?rest_route=%2Fwp%2Fv2%2Ftags&post=60126"}],"curies":[{"name":"wp","href":"https:\/\/api.w.org\/{rel}","templated":true}]}}