{"id":59769,"date":"2024-08-15T11:38:46","date_gmt":"2024-08-15T17:38:46","guid":{"rendered":"https:\/\/informativoelvalledeaguascalientes.online\/?p=59769"},"modified":"2024-08-15T17:40:18","modified_gmt":"2024-08-15T23:40:18","slug":"pan-llama-a-la-cordura-y-respeto-por-las-instituciones-y-dejar-de-lado-la-polarizacion-la-campana-quedo-atras","status":"publish","type":"post","link":"https:\/\/informativoelvalledeaguascalientes.online\/?p=59769","title":{"rendered":"PAN LLAMA A LA CORDURA Y RESPETO POR LAS INSTITUCIONES Y DEJAR DE LADO LA POLARIZACI\u00d3N, LA CAMPA\u00d1A QUED\u00d3 ATR\u00c1S"},"content":{"rendered":"<p>#informativoelvalledeaguascalientes<\/p>\n<p>#novaradioaguascalientes<\/p>\n<p>#informativoelvalledeaguascalientesll<\/p>\n<p>&nbsp;<\/p>\n<p>&nbsp;<\/p>\n<ul>\n<li><strong><em>El presidente estatal del partido, defiende la transparencia en las decisiones legislativas.<\/em><\/strong><\/li>\n<\/ul>\n<p>El presidente estatal del Partido Acci\u00f3n Nacional en Aguascalientes, Javier Lu\u00e9vano N\u00fa\u00f1ez, se manifest\u00f3 en contra de los hechos ocurridos el recientemente en el Palacio Legislativo, donde militantes y l\u00edderes morenistas protagonizaron una manifestaci\u00f3n cuyo objetivo fue interrumpir la sesi\u00f3n extraordinaria del que se llevaba a cabo por parte de la LXV Legislatura.<\/p>\n<p>En un acto que sin duda atenta contra los principios fundamentales del respeto y la democracia, el l\u00edder panista hizo un llamado a la cordura y al respeto que debe prevalecer por encima de todo, particularmente en los espacios considerados para el di\u00e1logo y construcci\u00f3n de la democracia.<\/p>\n<p>A m\u00e1s de dos meses de que la ciudadan\u00eda manifestara su voluntad en las urnas, las fuerzas pol\u00edticas est\u00e1n obligadas a corresponder a la confianza otorgada hacia sus representantes. \u201cEn este periodo de transici\u00f3n de poderes, nuestra vocaci\u00f3n de servir debe prevalecer por encima de cualquier inter\u00e9s\u201d, puntualiz\u00f3 el presidente del PAN.<\/p>\n<p>&#8220;El Congreso del Estado de Aguascalientes es un lugar de trabajo legislativo, de di\u00e1logo y de toma de decisiones en beneficio de todos los ciudadanos, no un escenario para el caos y la confrontaci\u00f3n\u201d, afirm\u00f3, al tiempo que invit\u00f3 a los liderazgos de los partidos a sumarse de manera constructiva en los procesos legislativos, teniendo como m\u00e1xima el bienestar de las y los ciudadanos de la entidad.<\/p>\n<p>Asimismo, Lu\u00e9vano N\u00fa\u00f1ez, destac\u00f3 la importancia de la transparencia y la responsabilidad en la gesti\u00f3n de proyectos p\u00fablicos, en respuesta a las acusaciones realizadas por el l\u00edder estatal de Morena, sobre las Asociaciones P\u00fablico-Privadas (APPs). &#8220;Las APPs son herramientas clave para el desarrollo de infraestructura y servicios en nuestro estado\u201d.<\/p>\n<p>\u201cEs completamente nocivo alentar la divisi\u00f3n social y buscar aquello que no se encontr\u00f3 por la v\u00eda del voto el pasado 2 de junio en nuestra entidad, por lo que el llamado es a actuar de manera responsable y evitar esa polarizaci\u00f3n que ha da\u00f1ado tanto a M\u00e9xico. El di\u00e1logo y el consenso son las \u00fanicas v\u00edas leg\u00edtimas para construir un mejor futuro para nuestro estado, y que repercuta desde cada una de las entidades para recomponer el rumbo fallido que ha tenido el pa\u00eds en los \u00faltimos seis a\u00f1os\u201d.<\/p>\n<p>&#8220;Acci\u00f3n Nacional continuar\u00e1 defendiendo las instituciones y trabajando responsablemente por el bien de todos los ciudadanos de Aguascalientes, promoviendo siempre el respeto, la transparencia y el desarrollo de todos los sectores&#8221; concluy\u00f3 Javier L\u00faevano Nu\u00f1ez.<\/p>\n","protected":false},"excerpt":{"rendered":"<p>#informativoelvalledeaguascalientes #novaradioaguascalientes #informativoelvalledeaguascalientesll &nbsp; &nbsp; El presidente estatal del partido, defiende la transparencia en las decisiones legislativas. El presidente estatal del Partido Acci\u00f3n Nacional en Aguascalientes, Javier Lu\u00e9vano N\u00fa\u00f1ez, se manifest\u00f3 en contra de los hechos ocurridos el recientemente en el Palacio Legislativo, donde militantes y l\u00edderes morenistas protagonizaron una manifestaci\u00f3n cuyo objetivo fue interrumpir [&hellip;]<\/p>\n","protected":false},"author":13383,"featured_media":59770,"comment_status":"closed","ping_status":"open","sticky":false,"template":"","format":"standard","meta":{"advanced_seo_description":"","jetpack_seo_html_title":"","jetpack_seo_noindex":false,"_jetpack_memberships_contains_paid_content":false,"footnotes":"","jetpack_publicize_message":"","jetpack_publicize_feature_enabled":true,"jetpack_social_post_already_shared":true,"jetpack_social_options":{"image_generator_settings":{"template":"highway","default_image_id":0,"font":"","enabled":false},"version":2}},"categories":[21,7],"tags":[22,615,665],"class_list":["post-59769","post","type-post","status-publish","format-standard","has-post-thumbnail","hentry","category-aguascalientes","category-pan-aguascalientes","tag-aguascalientes","tag-gobierno-del-estado-de-aguascalientes","tag-pan"],"jetpack_publicize_connections":[],"jetpack_featured_media_url":"https:\/\/i0.wp.com\/informativoelvalledeaguascalientes.online\/wp-content\/uploads\/2024\/08\/Imagen-de-WhatsApp-2024-08-15-a-las-11.08.01_e4d016a2.jpg?fit=1066%2C1274&ssl=1","jetpack-related-posts":[],"jetpack_sharing_enabled":true,"jetpack_likes_enabled":true,"_links":{"self":[{"href":"https:\/\/informativoelvalledeaguascalientes.online\/index.php?rest_route=\/wp\/v2\/posts\/59769","targetHints":{"allow":["GET"]}}],"collection":[{"href":"https:\/\/informativoelvalledeaguascalientes.online\/index.php?rest_route=\/wp\/v2\/posts"}],"about":[{"href":"https:\/\/informativoelvalledeaguascalientes.online\/index.php?rest_route=\/wp\/v2\/types\/post"}],"author":[{"embeddable":true,"href":"https:\/\/informativoelvalledeaguascalientes.online\/index.php?rest_route=\/wp\/v2\/users\/13383"}],"replies":[{"embeddable":true,"href":"https:\/\/informativoelvalledeaguascalientes.online\/index.php?rest_route=%2Fwp%2Fv2%2Fcomments&post=59769"}],"version-history":[{"count":1,"href":"https:\/\/informativoelvalledeaguascalientes.online\/index.php?rest_route=\/wp\/v2\/posts\/59769\/revisions"}],"predecessor-version":[{"id":59771,"href":"https:\/\/informativoelvalledeaguascalientes.online\/index.php?rest_route=\/wp\/v2\/posts\/59769\/revisions\/59771"}],"wp:featuredmedia":[{"embeddable":true,"href":"https:\/\/informativoelvalledeaguascalientes.online\/index.php?rest_route=\/wp\/v2\/media\/59770"}],"wp:attachment":[{"href":"https:\/\/informativoelvalledeaguascalientes.online\/index.php?rest_route=%2Fwp%2Fv2%2Fmedia&parent=59769"}],"wp:term":[{"taxonomy":"category","embeddable":true,"href":"https:\/\/informativoelvalledeaguascalientes.online\/index.php?rest_route=%2Fwp%2Fv2%2Fcategories&post=59769"},{"taxonomy":"post_tag","embeddable":true,"href":"https:\/\/informativoelvalledeaguascalientes.online\/index.php?rest_route=%2Fwp%2Fv2%2Ftags&post=59769"}],"curies":[{"name":"wp","href":"https:\/\/api.w.org\/{rel}","templated":true}]}}