{"id":5961,"date":"2020-04-30T20:11:46","date_gmt":"2020-05-01T02:11:46","guid":{"rendered":"https:\/\/informativoelvalledeaguascalientes.online\/?p=5961"},"modified":"2020-04-30T20:11:46","modified_gmt":"2020-05-01T02:11:46","slug":"celebra-municipio-ags-a-los-ninos-en-su-dia","status":"publish","type":"post","link":"https:\/\/informativoelvalledeaguascalientes.online\/?p=5961","title":{"rendered":"CELEBRA MUNICIPIO AGS A LOS NI\u00d1OS EN SU D\u00cdA"},"content":{"rendered":"<div class=\"opinion-section opinion-single-cover opinion-indent opinion-overlay\">\n<div class=\"container\">\n<div class=\"section-head row justify-content-center text-center\">\n<div class=\"col-12 col-md-8\">\n<div class=\"section-meta\">El DIF Municipal de Aguascalientes celebr\u00f3 el \u201cD\u00eda del Ni\u00f1o\u201d con espect\u00e1culos virtuales, debido a la emergencia sanitaria por el COVID-19.<\/div>\n<\/div>\n<\/div>\n<\/div>\n<\/div>\n<div class=\"opinion-section\">\n<div class=\"container\">\n<div class=\"section-content row justify-content-center\">\n<div class=\"col-12 col-lg-8 opinion-order-1\">\n<article class=\"opinion-post opinion-single post-15922 post type-post status-publish format-standard has-post-thumbnail hentry category-dia-del-nino tag-dia-del-nino tag-dif-municipal\">\n<div class=\"entry-content\">\n<p>Se trasmitieron a trav\u00e9s de las redes sociales oficiales, para llevar un momento de alegr\u00eda y sana diversi\u00f3n a los peque\u00f1os de la capital del Estado.<\/p>\n<p>Se presentaron diversos n\u00fameros con payasos y un mago, adem\u00e1s de que se rifaron diversos obsequios entre el p\u00fablico espectador.<\/p>\n<p>Para la alcaldesa\u00a0<strong>Tere Jim\u00e9nez<\/strong>\u00a0y el presidente de esta instituci\u00f3n,\u00a0<strong>Ram\u00f3n Jim\u00e9nez Pe\u00f1aloza<\/strong>, es una prioridad la protecci\u00f3n de los derechos de las ni\u00f1as, ni\u00f1os y adolescentes, ya que la infancia es una etapa fundamental del desarrollo del ser humano en donde se forman hombres y mujeres integros y productivos para la sociedad.<\/p>\n<\/div>\n<\/article>\n<\/div>\n<\/div>\n<\/div>\n<\/div>\n","protected":false},"excerpt":{"rendered":"<p>El DIF Municipal de Aguascalientes celebr\u00f3 el \u201cD\u00eda del Ni\u00f1o\u201d con espect\u00e1culos virtuales, debido a la emergencia sanitaria por el COVID-19. Se trasmitieron a trav\u00e9s de las redes sociales oficiales, para llevar un momento de alegr\u00eda y sana diversi\u00f3n a los peque\u00f1os de la capital del Estado. Se presentaron diversos n\u00fameros con payasos y un [&hellip;]<\/p>\n","protected":false},"author":1,"featured_media":5962,"comment_status":"closed","ping_status":"open","sticky":false,"template":"","format":"standard","meta":{"advanced_seo_description":"","jetpack_seo_html_title":"","jetpack_seo_noindex":false,"_jetpack_memberships_contains_paid_content":false,"footnotes":"","jetpack_publicize_message":"","jetpack_publicize_feature_enabled":true,"jetpack_social_post_already_shared":true,"jetpack_social_options":{"image_generator_settings":{"template":"highway","default_image_id":0,"font":"","enabled":false},"version":2}},"categories":[21,3],"tags":[22,72],"class_list":["post-5961","post","type-post","status-publish","format-standard","has-post-thumbnail","hentry","category-aguascalientes","category-municipio-aguascalientes","tag-aguascalientes","tag-mpio-aguascalientes-dif"],"jetpack_publicize_connections":[],"jetpack_featured_media_url":"https:\/\/i0.wp.com\/informativoelvalledeaguascalientes.online\/wp-content\/uploads\/2020\/04\/mpio_ags_dif_30042020.jpg?fit=1024%2C678&ssl=1","jetpack-related-posts":[],"jetpack_sharing_enabled":true,"jetpack_likes_enabled":true,"_links":{"self":[{"href":"https:\/\/informativoelvalledeaguascalientes.online\/index.php?rest_route=\/wp\/v2\/posts\/5961","targetHints":{"allow":["GET"]}}],"collection":[{"href":"https:\/\/informativoelvalledeaguascalientes.online\/index.php?rest_route=\/wp\/v2\/posts"}],"about":[{"href":"https:\/\/informativoelvalledeaguascalientes.online\/index.php?rest_route=\/wp\/v2\/types\/post"}],"author":[{"embeddable":true,"href":"https:\/\/informativoelvalledeaguascalientes.online\/index.php?rest_route=\/wp\/v2\/users\/1"}],"replies":[{"embeddable":true,"href":"https:\/\/informativoelvalledeaguascalientes.online\/index.php?rest_route=%2Fwp%2Fv2%2Fcomments&post=5961"}],"version-history":[{"count":1,"href":"https:\/\/informativoelvalledeaguascalientes.online\/index.php?rest_route=\/wp\/v2\/posts\/5961\/revisions"}],"predecessor-version":[{"id":5963,"href":"https:\/\/informativoelvalledeaguascalientes.online\/index.php?rest_route=\/wp\/v2\/posts\/5961\/revisions\/5963"}],"wp:featuredmedia":[{"embeddable":true,"href":"https:\/\/informativoelvalledeaguascalientes.online\/index.php?rest_route=\/wp\/v2\/media\/5962"}],"wp:attachment":[{"href":"https:\/\/informativoelvalledeaguascalientes.online\/index.php?rest_route=%2Fwp%2Fv2%2Fmedia&parent=5961"}],"wp:term":[{"taxonomy":"category","embeddable":true,"href":"https:\/\/informativoelvalledeaguascalientes.online\/index.php?rest_route=%2Fwp%2Fv2%2Fcategories&post=5961"},{"taxonomy":"post_tag","embeddable":true,"href":"https:\/\/informativoelvalledeaguascalientes.online\/index.php?rest_route=%2Fwp%2Fv2%2Ftags&post=5961"}],"curies":[{"name":"wp","href":"https:\/\/api.w.org\/{rel}","templated":true}]}}