{"id":5958,"date":"2020-04-30T20:08:06","date_gmt":"2020-05-01T02:08:06","guid":{"rendered":"https:\/\/informativoelvalledeaguascalientes.online\/?p=5958"},"modified":"2020-04-30T20:08:06","modified_gmt":"2020-05-01T02:08:06","slug":"tere-jimenez-pone-en-marcha-caravana-por-la-alimentacion-para-ayudar-a-familias-vulnerables","status":"publish","type":"post","link":"https:\/\/informativoelvalledeaguascalientes.online\/?p=5958","title":{"rendered":"TERE JIM\u00c9NEZ PONE EN MARCHA CARAVANA POR LA ALIMENTACI\u00d3N PARA AYUDAR A FAMILIAS VULNERABLES"},"content":{"rendered":"<div class=\"opinion-section opinion-single-cover opinion-indent opinion-overlay\">\n<div class=\"container\">\n<div class=\"section-head row justify-content-center text-center\"><\/div>\n<\/div>\n<\/div>\n<div class=\"opinion-section\">\n<div class=\"container\">\n<div class=\"section-content row justify-content-center\">\n<div class=\"col-12 col-lg-8 opinion-order-1\">\n<article class=\"opinion-post opinion-single post-15896 post type-post status-publish format-standard has-post-thumbnail hentry category-dif-municipal tag-apoyos-alimenticios tag-caravana-por-la-alimentacion tag-dif-municipal\">\n<div class=\"entry-content\">\n<ul>\n<li><strong>Este fin de semana se entregar\u00e1n m\u00e1s de mil despensas hasta la puerta de los hogares de familias de zonas urbanas y rurales de la capital\u00a0<\/strong><\/li>\n<\/ul>\n<p>La ma\u00f1ana de este jueves la alcaldesa\u00a0<strong>Tere Jim\u00e9nez<\/strong>\u00a0dio el banderazo de salida de la \u201cCaravana por la Alimentaci\u00f3n\u201d, mediante la cual el DIF Municipal llevar\u00e1 en estos d\u00edas a los hogares de Aguascalientes, apoyos alimenticios para las familias que est\u00e1n temporalmente sin empleo por la emergencia sanitaria.<\/p>\n<p>La alcaldesa inform\u00f3 que\u00a0 tan solo este fin de semana se\u00a0 entregar\u00e1n\u00a0 m\u00e1s de mil despensas en los domicilios que solicitaron el apoyo mediante la l\u00ednea de atenci\u00f3n 072 y a trav\u00e9s de la p\u00e1gina de facebook del municipio.<\/p>\n<p>Destac\u00f3 que los paquetes incluyen cereales, leguminosas, productos de limpieza, enlatados, entre otros que se har\u00e1n llegar a diversos puntos de la ciudad en 10 rutas que abarcan zonas urbanas y rurales.<\/p>\n<p>En este mismo sentido, hizo un llamado a la poblaci\u00f3n a quedarse en casa y en caso de requerir este tipo de apoyo, lo soliciten mediante la l\u00ednea de atenci\u00f3n municipal 072, abierta las 24 horas del d\u00eda.<\/p>\n<p><strong>Tere Jim\u00e9nez<\/strong>\u00a0reiter\u00f3 su agradecimiento a todos los empresarios y a la sociedad en general que han sido solidarios con sus donativos, mismos que se est\u00e1n llevando a las manos de los m\u00e1s necesitados.<\/p>\n<\/div>\n<\/article>\n<\/div>\n<\/div>\n<\/div>\n<\/div>\n","protected":false},"excerpt":{"rendered":"<p>Este fin de semana se entregar\u00e1n m\u00e1s de mil despensas hasta la puerta de los hogares de familias de zonas urbanas y rurales de la capital\u00a0 La ma\u00f1ana de este jueves la alcaldesa\u00a0Tere Jim\u00e9nez\u00a0dio el banderazo de salida de la \u201cCaravana por la Alimentaci\u00f3n\u201d, mediante la cual el DIF Municipal llevar\u00e1 en estos d\u00edas a [&hellip;]<\/p>\n","protected":false},"author":1,"featured_media":5959,"comment_status":"closed","ping_status":"open","sticky":false,"template":"","format":"standard","meta":{"advanced_seo_description":"","jetpack_seo_html_title":"","jetpack_seo_noindex":false,"_jetpack_memberships_contains_paid_content":false,"footnotes":"","jetpack_publicize_message":"","jetpack_publicize_feature_enabled":true,"jetpack_social_post_already_shared":true,"jetpack_social_options":{"image_generator_settings":{"template":"highway","default_image_id":0,"font":"","enabled":false},"version":2}},"categories":[21,3],"tags":[22,25],"class_list":["post-5958","post","type-post","status-publish","format-standard","has-post-thumbnail","hentry","category-aguascalientes","category-municipio-aguascalientes","tag-aguascalientes","tag-mpio-aguascalientes"],"jetpack_publicize_connections":[],"jetpack_featured_media_url":"https:\/\/i0.wp.com\/informativoelvalledeaguascalientes.online\/wp-content\/uploads\/2020\/04\/mpio_ags_dif_tj_30042020.jpg?fit=1620%2C1080&ssl=1","jetpack-related-posts":[],"jetpack_sharing_enabled":true,"jetpack_likes_enabled":true,"_links":{"self":[{"href":"https:\/\/informativoelvalledeaguascalientes.online\/index.php?rest_route=\/wp\/v2\/posts\/5958","targetHints":{"allow":["GET"]}}],"collection":[{"href":"https:\/\/informativoelvalledeaguascalientes.online\/index.php?rest_route=\/wp\/v2\/posts"}],"about":[{"href":"https:\/\/informativoelvalledeaguascalientes.online\/index.php?rest_route=\/wp\/v2\/types\/post"}],"author":[{"embeddable":true,"href":"https:\/\/informativoelvalledeaguascalientes.online\/index.php?rest_route=\/wp\/v2\/users\/1"}],"replies":[{"embeddable":true,"href":"https:\/\/informativoelvalledeaguascalientes.online\/index.php?rest_route=%2Fwp%2Fv2%2Fcomments&post=5958"}],"version-history":[{"count":1,"href":"https:\/\/informativoelvalledeaguascalientes.online\/index.php?rest_route=\/wp\/v2\/posts\/5958\/revisions"}],"predecessor-version":[{"id":5960,"href":"https:\/\/informativoelvalledeaguascalientes.online\/index.php?rest_route=\/wp\/v2\/posts\/5958\/revisions\/5960"}],"wp:featuredmedia":[{"embeddable":true,"href":"https:\/\/informativoelvalledeaguascalientes.online\/index.php?rest_route=\/wp\/v2\/media\/5959"}],"wp:attachment":[{"href":"https:\/\/informativoelvalledeaguascalientes.online\/index.php?rest_route=%2Fwp%2Fv2%2Fmedia&parent=5958"}],"wp:term":[{"taxonomy":"category","embeddable":true,"href":"https:\/\/informativoelvalledeaguascalientes.online\/index.php?rest_route=%2Fwp%2Fv2%2Fcategories&post=5958"},{"taxonomy":"post_tag","embeddable":true,"href":"https:\/\/informativoelvalledeaguascalientes.online\/index.php?rest_route=%2Fwp%2Fv2%2Ftags&post=5958"}],"curies":[{"name":"wp","href":"https:\/\/api.w.org\/{rel}","templated":true}]}}