{"id":5955,"date":"2020-04-30T20:05:10","date_gmt":"2020-05-01T02:05:10","guid":{"rendered":"https:\/\/informativoelvalledeaguascalientes.online\/?p=5955"},"modified":"2020-04-30T20:05:10","modified_gmt":"2020-05-01T02:05:10","slug":"tere-jimenez-invita-a-personas-de-la-linea-verde-a-quedarse-en-casa-y-entrega-cubrebocas-a-quienes-por-necesidad-tienen-que-salir","status":"publish","type":"post","link":"https:\/\/informativoelvalledeaguascalientes.online\/?p=5955","title":{"rendered":"TERE JIM\u00c9NEZ INVITA A PERSONAS DE LA L\u00cdNEA VERDE A QUEDARSE EN CASA Y ENTREGA CUBREBOCAS A QUIENES POR NECESIDAD TIENEN QUE SALIR"},"content":{"rendered":"<div class=\"opinion-section opinion-single-cover opinion-indent opinion-overlay\">\n<div class=\"container\">\n<div class=\"section-head row justify-content-center text-center\">\n<div class=\"col-12 col-md-8\">\n<div class=\"section-meta\">La alcaldesa<strong>\u00a0Tere Jim\u00e9nez<\/strong>, en compa\u00f1\u00eda del Secretario de Seguridad P\u00fablica\u00a0<strong>Antonio Mart\u00ednez Romo<\/strong>, realiz\u00f3 un recorrido por la l\u00ednea verde para cerciorarse de que la poblaci\u00f3n est\u00e9 acatando las medidas de prevenci\u00f3n establecidas ante la emergencia sanitaria por COVID-19.<\/div>\n<\/div>\n<\/div>\n<\/div>\n<\/div>\n<div class=\"opinion-section\">\n<div class=\"container\">\n<div class=\"section-content row justify-content-center\">\n<div class=\"col-12 col-lg-8 opinion-order-1\">\n<article class=\"opinion-post opinion-single post-15888 post type-post status-publish format-standard has-post-thumbnail hentry category-prevencion tag-campana-de-entrega-de-cubrebocas tag-covid-19 tag-linea-verde\">\n<div class=\"entry-content\">\n<p>Ante el decreto de uso obligatorio de cubrebocas, la alcaldesa realiz\u00f3 entrega de estos implementos a comerciantes y vecinos de la zona, as\u00ed como a conductores que por necesidad tienen que salir de casa.<\/p>\n<p>Se\u00f1al\u00f3 que el Municipio seguir\u00e1 atento a las necesidades de la poblaci\u00f3n, atendiendo y apoyando a los diferentes sectores para que puedan quedarse en casa, por lo que los invit\u00f3 a cumplir con las medidas necesarias para juntos poder evitar la propagaci\u00f3n del virus.<\/p>\n<\/div>\n<\/article>\n<\/div>\n<\/div>\n<\/div>\n<\/div>\n","protected":false},"excerpt":{"rendered":"<p>La alcaldesa\u00a0Tere Jim\u00e9nez, en compa\u00f1\u00eda del Secretario de Seguridad P\u00fablica\u00a0Antonio Mart\u00ednez Romo, realiz\u00f3 un recorrido por la l\u00ednea verde para cerciorarse de que la poblaci\u00f3n est\u00e9 acatando las medidas de prevenci\u00f3n establecidas ante la emergencia sanitaria por COVID-19. Ante el decreto de uso obligatorio de cubrebocas, la alcaldesa realiz\u00f3 entrega de estos implementos a comerciantes [&hellip;]<\/p>\n","protected":false},"author":1,"featured_media":5956,"comment_status":"closed","ping_status":"open","sticky":false,"template":"","format":"standard","meta":{"advanced_seo_description":"","jetpack_seo_html_title":"","jetpack_seo_noindex":false,"_jetpack_memberships_contains_paid_content":false,"footnotes":"","jetpack_publicize_message":"","jetpack_publicize_feature_enabled":true,"jetpack_social_post_already_shared":true,"jetpack_social_options":{"image_generator_settings":{"template":"highway","default_image_id":0,"font":"","enabled":false},"version":2}},"categories":[21,3],"tags":[22,25],"class_list":["post-5955","post","type-post","status-publish","format-standard","has-post-thumbnail","hentry","category-aguascalientes","category-municipio-aguascalientes","tag-aguascalientes","tag-mpio-aguascalientes"],"jetpack_publicize_connections":[],"jetpack_featured_media_url":"https:\/\/i0.wp.com\/informativoelvalledeaguascalientes.online\/wp-content\/uploads\/2020\/04\/mpio_ags_tj_30042020.jpeg?fit=1024%2C682&ssl=1","jetpack-related-posts":[],"jetpack_sharing_enabled":true,"jetpack_likes_enabled":true,"_links":{"self":[{"href":"https:\/\/informativoelvalledeaguascalientes.online\/index.php?rest_route=\/wp\/v2\/posts\/5955","targetHints":{"allow":["GET"]}}],"collection":[{"href":"https:\/\/informativoelvalledeaguascalientes.online\/index.php?rest_route=\/wp\/v2\/posts"}],"about":[{"href":"https:\/\/informativoelvalledeaguascalientes.online\/index.php?rest_route=\/wp\/v2\/types\/post"}],"author":[{"embeddable":true,"href":"https:\/\/informativoelvalledeaguascalientes.online\/index.php?rest_route=\/wp\/v2\/users\/1"}],"replies":[{"embeddable":true,"href":"https:\/\/informativoelvalledeaguascalientes.online\/index.php?rest_route=%2Fwp%2Fv2%2Fcomments&post=5955"}],"version-history":[{"count":1,"href":"https:\/\/informativoelvalledeaguascalientes.online\/index.php?rest_route=\/wp\/v2\/posts\/5955\/revisions"}],"predecessor-version":[{"id":5957,"href":"https:\/\/informativoelvalledeaguascalientes.online\/index.php?rest_route=\/wp\/v2\/posts\/5955\/revisions\/5957"}],"wp:featuredmedia":[{"embeddable":true,"href":"https:\/\/informativoelvalledeaguascalientes.online\/index.php?rest_route=\/wp\/v2\/media\/5956"}],"wp:attachment":[{"href":"https:\/\/informativoelvalledeaguascalientes.online\/index.php?rest_route=%2Fwp%2Fv2%2Fmedia&parent=5955"}],"wp:term":[{"taxonomy":"category","embeddable":true,"href":"https:\/\/informativoelvalledeaguascalientes.online\/index.php?rest_route=%2Fwp%2Fv2%2Fcategories&post=5955"},{"taxonomy":"post_tag","embeddable":true,"href":"https:\/\/informativoelvalledeaguascalientes.online\/index.php?rest_route=%2Fwp%2Fv2%2Ftags&post=5955"}],"curies":[{"name":"wp","href":"https:\/\/api.w.org\/{rel}","templated":true}]}}