{"id":5949,"date":"2020-04-30T19:48:59","date_gmt":"2020-05-01T01:48:59","guid":{"rendered":"https:\/\/informativoelvalledeaguascalientes.online\/?p=5949"},"modified":"2020-04-30T19:48:59","modified_gmt":"2020-05-01T01:48:59","slug":"agradecimiento-a-los-calvillenses-por-su-compromiso-con-la-prevencion-en-mayo-se-reforzaran-las-acciones-para-reducir-el-riesgo-de-contagio-adan-valdivia-lopez","status":"publish","type":"post","link":"https:\/\/informativoelvalledeaguascalientes.online\/?p=5949","title":{"rendered":"Agradecimiento a los calvillenses por su compromiso con la prevenci\u00f3n; en mayo se reforzar\u00e1n las acciones para reducir el riesgo de contagio: Ad\u00e1n Valdivia L\u00f3pez"},"content":{"rendered":"<p style=\"font-weight: 400;\">Como se hizo desde el 20 de marzo, fecha en que de manera coordinada con las autoridades del Sector Salud se decidieron e implementaron diversas acciones de prevenci\u00f3n, mismas que continuaron, aumentaron y se intensificaron durante abril, el Gobierno Municipal de Calvillo mantendr\u00e1 durante mayo, cuando se espera la parte m\u00e1s intensa de la epidemia de COVID-19 (Coronavirus), un reforzamiento en todos los frentes de las estrategias para reducir el riesgo de contagio entre la poblaci\u00f3n calvillense, inform\u00f3 el presidente municipal de Calvillo, Ad\u00e1n Valdivia L\u00f3pez.<\/p>\n<p style=\"font-weight: 400;\">Ad\u00e1n Valdivia agradeci\u00f3 a los ciudadanos calvillenses por su compromiso y participaci\u00f3n con las acciones de #SanaDistancia y #Qu\u00e9dateEnCasa que han permitido retrasar el avance de la epidemia en el municipio; y los exhort\u00f3 a seguir con esa actitud de cooperaci\u00f3n para cuidarse y al mismo tiempo cuidar a los dem\u00e1s.<\/p>\n<p style=\"font-weight: 400;\">Atendiendo a las recomendaciones del Sector Salud y adelant\u00e1ndose a las fases de la epidemia, se determin\u00f3 reducir e incluso suspender las actividades no esenciales en el municipio; se inici\u00f3 con acciones de sanitizaci\u00f3n en espacios y edificios p\u00fablicos que siguen de manera regular; se comenz\u00f3 una campa\u00f1a permanente de informaci\u00f3n a la ciudadan\u00eda para dar a conocer las formas de prevenir el contagio y avisos de inter\u00e9s en general; y, se inici\u00f3 un programa de apoyo para los calvillenses afectados por la suspensi\u00f3n de actividades, a\u00f1adi\u00f3 Valdivia L\u00f3pez.<\/p>\n<p style=\"font-weight: 400;\">Adem\u00e1s, el gobierno municipal creo el programa #ConsumeLocal para impulsar el consumo de alimentos y bebidas para llevar y a domicilio. Tambi\u00e9n, al hacerse obligatorio el uso de cubrebocas se ha realizado un programa intenso de entrega para que la poblaci\u00f3n pueda realizar las actividades cuid\u00e1ndose y cuidando a los dem\u00e1s.<\/p>\n","protected":false},"excerpt":{"rendered":"<p>Como se hizo desde el 20 de marzo, fecha en que de manera coordinada con las autoridades del Sector Salud se decidieron e implementaron diversas acciones de prevenci\u00f3n, mismas que continuaron, aumentaron y se intensificaron durante abril, el Gobierno Municipal de Calvillo mantendr\u00e1 durante mayo, cuando se espera la parte m\u00e1s intensa de la epidemia [&hellip;]<\/p>\n","protected":false},"author":1,"featured_media":5950,"comment_status":"closed","ping_status":"open","sticky":false,"template":"","format":"standard","meta":{"advanced_seo_description":"","jetpack_seo_html_title":"","jetpack_seo_noindex":false,"_jetpack_memberships_contains_paid_content":false,"footnotes":"","jetpack_publicize_message":"","jetpack_publicize_feature_enabled":true,"jetpack_social_post_already_shared":true,"jetpack_social_options":{"image_generator_settings":{"template":"highway","default_image_id":0,"font":"","enabled":false},"version":2}},"categories":[21,13],"tags":[22,29],"class_list":["post-5949","post","type-post","status-publish","format-standard","has-post-thumbnail","hentry","category-aguascalientes","category-calvillo-aguascalientes","tag-aguascalientes","tag-calvillo-aguascalientes"],"jetpack_publicize_connections":[],"jetpack_featured_media_url":"https:\/\/i0.wp.com\/informativoelvalledeaguascalientes.online\/wp-content\/uploads\/2020\/04\/calvillo_adan_30042020.jpg?fit=631%2C631&ssl=1","jetpack-related-posts":[],"jetpack_sharing_enabled":true,"jetpack_likes_enabled":true,"_links":{"self":[{"href":"https:\/\/informativoelvalledeaguascalientes.online\/index.php?rest_route=\/wp\/v2\/posts\/5949","targetHints":{"allow":["GET"]}}],"collection":[{"href":"https:\/\/informativoelvalledeaguascalientes.online\/index.php?rest_route=\/wp\/v2\/posts"}],"about":[{"href":"https:\/\/informativoelvalledeaguascalientes.online\/index.php?rest_route=\/wp\/v2\/types\/post"}],"author":[{"embeddable":true,"href":"https:\/\/informativoelvalledeaguascalientes.online\/index.php?rest_route=\/wp\/v2\/users\/1"}],"replies":[{"embeddable":true,"href":"https:\/\/informativoelvalledeaguascalientes.online\/index.php?rest_route=%2Fwp%2Fv2%2Fcomments&post=5949"}],"version-history":[{"count":1,"href":"https:\/\/informativoelvalledeaguascalientes.online\/index.php?rest_route=\/wp\/v2\/posts\/5949\/revisions"}],"predecessor-version":[{"id":5951,"href":"https:\/\/informativoelvalledeaguascalientes.online\/index.php?rest_route=\/wp\/v2\/posts\/5949\/revisions\/5951"}],"wp:featuredmedia":[{"embeddable":true,"href":"https:\/\/informativoelvalledeaguascalientes.online\/index.php?rest_route=\/wp\/v2\/media\/5950"}],"wp:attachment":[{"href":"https:\/\/informativoelvalledeaguascalientes.online\/index.php?rest_route=%2Fwp%2Fv2%2Fmedia&parent=5949"}],"wp:term":[{"taxonomy":"category","embeddable":true,"href":"https:\/\/informativoelvalledeaguascalientes.online\/index.php?rest_route=%2Fwp%2Fv2%2Fcategories&post=5949"},{"taxonomy":"post_tag","embeddable":true,"href":"https:\/\/informativoelvalledeaguascalientes.online\/index.php?rest_route=%2Fwp%2Fv2%2Ftags&post=5949"}],"curies":[{"name":"wp","href":"https:\/\/api.w.org\/{rel}","templated":true}]}}