{"id":5943,"date":"2020-04-30T19:43:03","date_gmt":"2020-05-01T01:43:03","guid":{"rendered":"https:\/\/informativoelvalledeaguascalientes.online\/?p=5943"},"modified":"2020-04-30T19:43:03","modified_gmt":"2020-05-01T01:43:03","slug":"asistir-al-trabajo-es-el-motivo-principal-de-uso-del-transporte-publico-en-aguascalientes-cmov","status":"publish","type":"post","link":"https:\/\/informativoelvalledeaguascalientes.online\/?p=5943","title":{"rendered":"ASISTIR AL TRABAJO ES EL MOTIVO PRINCIPAL DE USO DEL TRANSPORTE P\u00daBLICO EN AGUASCALIENTES: CMOV"},"content":{"rendered":"<ul>\n<li style=\"font-weight: 400;\"><strong><em>La actividad esencial por la que m\u00e1s ciudadanos utilizan transporte urbano, for\u00e1neo o taxi es para trasladarse a los centros de trabajo<\/em><\/strong><\/li>\n<\/ul>\n<p style=\"font-weight: 400;\">\n<ul>\n<li style=\"font-weight: 400;\"><strong><em>Revelan encuestas de motivos de viaje que conforme se extienden las fases de la contingencia m\u00e1s personas salen de su casa<\/em><\/strong><\/li>\n<\/ul>\n<p style=\"font-weight: 400;\">\n<p style=\"font-weight: 400;\">El titular de la Coordinaci\u00f3n General de Movilidad, Gustavo Guti\u00e9rrez de la Torre, reconoci\u00f3 que la movilidad en el servicio de transporte p\u00fablico en Aguascalientes la realizan los usuarios que cumplen viajes con destino a sus centros de trabajo.<\/p>\n<p style=\"font-weight: 400;\">\n<p style=\"font-weight: 400;\">El funcionario explic\u00f3 que, desde el pasado mes de marzo cuando iniciaron las acciones de prevenci\u00f3n ante la llegada del Coronavirus, personal de la CMOV han realizado m\u00e1s de 2 mil encuestas para identificar los motivos de viaje entre usuarios de las modalidades colectivo urbano, colectivo for\u00e1neo y taxis.<\/p>\n<p style=\"font-weight: 400;\">\n<p style=\"font-weight: 400;\">Revel\u00f3 que la ciudadan\u00eda contin\u00faa utilizando el transporte p\u00fablico, principalmente para trasladarse al trabajo. \u201cDurante Fase 1, 67 por ciento de los usuarios manifest\u00f3 que el motivo era de \u00edndole laboral, mientras que en Fase 2 e inicio de Fase 3, alcanz\u00f3 50 por ciento\u201d, dijo.<\/p>\n<p style=\"font-weight: 400;\">\n<p style=\"font-weight: 400;\">Tambi\u00e9n expuso que en la actual fase se reporta que 22 por ciento de los usuarios que salen de casa, lo hacen para realizar compras de v\u00edveres en supermercados o mercados.<\/p>\n<p style=\"font-weight: 400;\">\n<p style=\"font-weight: 400;\">En el tema de salud, como asistir a citas m\u00e9dicas programadas o por emergencia, se mantiene en 8 por ciento del total de usuarios de transporte urbano en ambas fases; sin embargo, el pago de servicios como luz, agua o bancos aument\u00f3 de 7 a 15 por ciento, respectivamente, manifest\u00f3 Guti\u00e9rrez de la Torre.<\/p>\n<p style=\"font-weight: 400;\">\n<p style=\"font-weight: 400;\">El coordinador general de la CMOV subray\u00f3 que el servicio de transporte p\u00fablico urbano en todas sus modalidades contin\u00faa operando diariamente, con programaci\u00f3n de acuerdo a la demanda de cada ruta y acatando las medidas sanitarias para evitar que se propague el Coronavirus.<\/p>\n<p style=\"font-weight: 400;\">\n<p style=\"font-weight: 400;\">Invit\u00f3 a los usuarios utilizar cubrebocas durante todo el viaje, usar gel antibacterial, viajar sin acompa\u00f1antes y a reservar el uso del transporte p\u00fablico para trasladarse a las actividades esenciales de \u00edndole laboral, compra de productos alimenticios y v\u00edveres, as\u00ed como a cuestiones relacionadas con la salud.<\/p>\n","protected":false},"excerpt":{"rendered":"<p>La actividad esencial por la que m\u00e1s ciudadanos utilizan transporte urbano, for\u00e1neo o taxi es para trasladarse a los centros de trabajo Revelan encuestas de motivos de viaje que conforme se extienden las fases de la contingencia m\u00e1s personas salen de su casa El titular de la Coordinaci\u00f3n General de Movilidad, Gustavo Guti\u00e9rrez de la [&hellip;]<\/p>\n","protected":false},"author":1,"featured_media":5944,"comment_status":"closed","ping_status":"open","sticky":false,"template":"","format":"standard","meta":{"advanced_seo_description":"","jetpack_seo_html_title":"","jetpack_seo_noindex":false,"_jetpack_memberships_contains_paid_content":false,"footnotes":"","jetpack_publicize_message":"","jetpack_publicize_feature_enabled":true,"jetpack_social_post_already_shared":true,"jetpack_social_options":{"image_generator_settings":{"template":"highway","default_image_id":0,"font":"","enabled":false},"version":2}},"categories":[21,4],"tags":[22,53],"class_list":["post-5943","post","type-post","status-publish","format-standard","has-post-thumbnail","hentry","category-aguascalientes","category-gobierno-del-estado-aguascalientes","tag-aguascalientes","tag-cmov"],"jetpack_publicize_connections":[],"jetpack_featured_media_url":"https:\/\/i0.wp.com\/informativoelvalledeaguascalientes.online\/wp-content\/uploads\/2020\/04\/cmov_30042020.jpg?fit=1024%2C484&ssl=1","jetpack-related-posts":[],"jetpack_sharing_enabled":true,"jetpack_likes_enabled":true,"_links":{"self":[{"href":"https:\/\/informativoelvalledeaguascalientes.online\/index.php?rest_route=\/wp\/v2\/posts\/5943","targetHints":{"allow":["GET"]}}],"collection":[{"href":"https:\/\/informativoelvalledeaguascalientes.online\/index.php?rest_route=\/wp\/v2\/posts"}],"about":[{"href":"https:\/\/informativoelvalledeaguascalientes.online\/index.php?rest_route=\/wp\/v2\/types\/post"}],"author":[{"embeddable":true,"href":"https:\/\/informativoelvalledeaguascalientes.online\/index.php?rest_route=\/wp\/v2\/users\/1"}],"replies":[{"embeddable":true,"href":"https:\/\/informativoelvalledeaguascalientes.online\/index.php?rest_route=%2Fwp%2Fv2%2Fcomments&post=5943"}],"version-history":[{"count":1,"href":"https:\/\/informativoelvalledeaguascalientes.online\/index.php?rest_route=\/wp\/v2\/posts\/5943\/revisions"}],"predecessor-version":[{"id":5945,"href":"https:\/\/informativoelvalledeaguascalientes.online\/index.php?rest_route=\/wp\/v2\/posts\/5943\/revisions\/5945"}],"wp:featuredmedia":[{"embeddable":true,"href":"https:\/\/informativoelvalledeaguascalientes.online\/index.php?rest_route=\/wp\/v2\/media\/5944"}],"wp:attachment":[{"href":"https:\/\/informativoelvalledeaguascalientes.online\/index.php?rest_route=%2Fwp%2Fv2%2Fmedia&parent=5943"}],"wp:term":[{"taxonomy":"category","embeddable":true,"href":"https:\/\/informativoelvalledeaguascalientes.online\/index.php?rest_route=%2Fwp%2Fv2%2Fcategories&post=5943"},{"taxonomy":"post_tag","embeddable":true,"href":"https:\/\/informativoelvalledeaguascalientes.online\/index.php?rest_route=%2Fwp%2Fv2%2Ftags&post=5943"}],"curies":[{"name":"wp","href":"https:\/\/api.w.org\/{rel}","templated":true}]}}