{"id":59335,"date":"2024-08-03T06:28:51","date_gmt":"2024-08-03T12:28:51","guid":{"rendered":"https:\/\/informativoelvalledeaguascalientes.online\/?p=59335"},"modified":"2024-08-05T22:32:33","modified_gmt":"2024-08-06T04:32:33","slug":"siete-aguascalentenses-presentes-en-el-mundial-de-polo-acuatico-en-china","status":"publish","type":"post","link":"https:\/\/informativoelvalledeaguascalientes.online\/?p=59335","title":{"rendered":"SIETE AGUASCALENTENSES PRESENTES EN EL MUNDIAL DE POLO ACU\u00c1TICO EN CHINA"},"content":{"rendered":"<p>#informativoelvalledeaguascalientes<\/p>\n<p>#novaradioaguascalientes<\/p>\n<p>#informativoelvalledeaguascalientesll<\/p>\n<p>&nbsp;<\/p>\n<div class=\"\" data-mesh-id=\"comp-l7sh9ubr2inlineContent\" data-testid=\"inline-content\">\n<div data-mesh-id=\"comp-l7sh9ubr2inlineContent-gridContainer\" data-testid=\"mesh-container-content\">\n<div id=\"comp-l7sh9ubx\" class=\"TWFxr5 \">\n<div class=\"comp-l7sh9ubx\">\n<div class=\"siSdJK4 comp-l7sh9ubx\" data-hook=\"ricosviewer-wrapper\">\n<div class=\"U4I07\" dir=\"ltr\" data-id=\"content-viewer\">\n<div class=\"hl-xW\">\n<div>\n<div id=\"viewer-puz0c156\" class=\"-Zro6 -ZADH IjV6v _57WYp\"><span class=\"d0767\">\u00a0<\/span><\/div>\n<p id=\"viewer-gzo3k157\" class=\"-Zro6 -ZADH vVfzz AnCKd _57WYp\"><span class=\"d0767 vVfzz\">El Gobierno del Estado felicita a los siete deportistas de Aguascalientes que forman parte de la selecci\u00f3n mexicana que participar\u00e1 en el Campeonato Mundial de Polo Acu\u00e1tico U18, que se disputar\u00e1 en Cheng Du, China, del 11 al 23 de septiembre de 2024.<\/span><\/p>\n<div id=\"viewer-uo8rv164\" class=\"-Zro6 -ZADH vVfzz _57WYp\"><span class=\"d0767 vVfzz\">\u00a0<\/span><\/div>\n<p id=\"viewer-amc24159\" class=\"-Zro6 -ZADH vVfzz AnCKd _57WYp\"><span class=\"d0767 vVfzz\">El equipo se integra por las hidroc\u00e1lidas Vivi\u00e1n Rangel Esparza, Kimberley Alexandra Jim\u00e9nez Monta\u00f1ez, Sof\u00eda Gayt\u00e1n Mart\u00ednez, Dafne Ximena Legaspi Padilla, M\u00eda Artemiza Brondo L\u00f3pez, \u00c1ngela Valentina Villarreal Garc\u00eda y Suhei Montserrat P\u00e9rez Salas, todas ellas medallistas de oro en los pasados Juegos Nacionales CONADE. Complementan el equipo 2 jugadoras de Guanajuato y 2 m\u00e1s de Nuevo Le\u00f3n.<\/span><\/p>\n<div id=\"viewer-tfvdx169\" class=\"-Zro6 -ZADH vVfzz _57WYp\"><span class=\"d0767 vVfzz\">\u00a0<\/span><\/div>\n<p id=\"viewer-qpirh161\" class=\"-Zro6 -ZADH vVfzz AnCKd _57WYp\"><span class=\"d0767 vVfzz\">El aguascalentense Juan Francisco G\u00f3mez Cervantes es quien comandar\u00e1 el equipo con el cargo de entrenador en jefe de la Selecci\u00f3n Mexicana U18.<\/span><\/p>\n<\/div>\n<\/div>\n<\/div>\n<\/div>\n<\/div>\n<\/div>\n<\/div>\n<\/div>\n","protected":false},"excerpt":{"rendered":"<p>#informativoelvalledeaguascalientes #novaradioaguascalientes #informativoelvalledeaguascalientesll &nbsp; \u00a0 El Gobierno del Estado felicita a los siete deportistas de Aguascalientes que forman parte de la selecci\u00f3n mexicana que participar\u00e1 en el Campeonato Mundial de Polo Acu\u00e1tico U18, que se disputar\u00e1 en Cheng Du, China, del 11 al 23 de septiembre de 2024. \u00a0 El equipo se integra por las [&hellip;]<\/p>\n","protected":false},"author":13383,"featured_media":59336,"comment_status":"closed","ping_status":"open","sticky":false,"template":"","format":"standard","meta":{"advanced_seo_description":"","jetpack_seo_html_title":"","jetpack_seo_noindex":false,"_jetpack_memberships_contains_paid_content":false,"footnotes":"","jetpack_publicize_message":"","jetpack_publicize_feature_enabled":true,"jetpack_social_post_already_shared":true,"jetpack_social_options":{"image_generator_settings":{"template":"highway","default_image_id":0,"font":"","enabled":false},"version":2}},"categories":[21,4],"tags":[22,113],"class_list":["post-59335","post","type-post","status-publish","format-standard","has-post-thumbnail","hentry","category-aguascalientes","category-gobierno-del-estado-aguascalientes","tag-aguascalientes","tag-idea"],"jetpack_publicize_connections":[],"jetpack_featured_media_url":"https:\/\/i0.wp.com\/informativoelvalledeaguascalientes.online\/wp-content\/uploads\/2024\/08\/unnamed-file.jpeg?fit=1600%2C1066&ssl=1","jetpack-related-posts":[],"jetpack_sharing_enabled":true,"jetpack_likes_enabled":true,"_links":{"self":[{"href":"https:\/\/informativoelvalledeaguascalientes.online\/index.php?rest_route=\/wp\/v2\/posts\/59335","targetHints":{"allow":["GET"]}}],"collection":[{"href":"https:\/\/informativoelvalledeaguascalientes.online\/index.php?rest_route=\/wp\/v2\/posts"}],"about":[{"href":"https:\/\/informativoelvalledeaguascalientes.online\/index.php?rest_route=\/wp\/v2\/types\/post"}],"author":[{"embeddable":true,"href":"https:\/\/informativoelvalledeaguascalientes.online\/index.php?rest_route=\/wp\/v2\/users\/13383"}],"replies":[{"embeddable":true,"href":"https:\/\/informativoelvalledeaguascalientes.online\/index.php?rest_route=%2Fwp%2Fv2%2Fcomments&post=59335"}],"version-history":[{"count":1,"href":"https:\/\/informativoelvalledeaguascalientes.online\/index.php?rest_route=\/wp\/v2\/posts\/59335\/revisions"}],"predecessor-version":[{"id":59337,"href":"https:\/\/informativoelvalledeaguascalientes.online\/index.php?rest_route=\/wp\/v2\/posts\/59335\/revisions\/59337"}],"wp:featuredmedia":[{"embeddable":true,"href":"https:\/\/informativoelvalledeaguascalientes.online\/index.php?rest_route=\/wp\/v2\/media\/59336"}],"wp:attachment":[{"href":"https:\/\/informativoelvalledeaguascalientes.online\/index.php?rest_route=%2Fwp%2Fv2%2Fmedia&parent=59335"}],"wp:term":[{"taxonomy":"category","embeddable":true,"href":"https:\/\/informativoelvalledeaguascalientes.online\/index.php?rest_route=%2Fwp%2Fv2%2Fcategories&post=59335"},{"taxonomy":"post_tag","embeddable":true,"href":"https:\/\/informativoelvalledeaguascalientes.online\/index.php?rest_route=%2Fwp%2Fv2%2Ftags&post=59335"}],"curies":[{"name":"wp","href":"https:\/\/api.w.org\/{rel}","templated":true}]}}