{"id":59293,"date":"2024-08-03T09:05:43","date_gmt":"2024-08-03T15:05:43","guid":{"rendered":"https:\/\/informativoelvalledeaguascalientes.online\/?p=59293"},"modified":"2024-08-03T20:08:07","modified_gmt":"2024-08-04T02:08:07","slug":"asiste-a-la-ruta-del-cuento-con-teatro-boel","status":"publish","type":"post","link":"https:\/\/informativoelvalledeaguascalientes.online\/?p=59293","title":{"rendered":"ASISTE A LA RUTA DEL CUENTO, CON TEATRO BOEL"},"content":{"rendered":"<p>#informativoelvalledeaguascalientes<\/p>\n<p>#novaradioaguascalientes<\/p>\n<p>#informativoelvalledeaguascalientesll<\/p>\n<p>&nbsp;<\/p>\n<p>&nbsp;<\/p>\n<p>El Instituto Cultural de Aguascalientes (ICA) invita a la obra de teatro La ruta del cuento, con la compa\u00f1\u00eda Teatro Boel, que se presentar\u00e1 el domingo 4 de agosto a las 13:00 horas en el Teatro Antonio Leal y Romero, en la Casa de la Cultura (Venustiano Carranza No. 101, Centro).<\/p>\n<p>Lu y Mateo son dos aventureros, viajeros del tiempo y del espacio que buscan dar la vuelta al mundo en 79 d\u00edas, sin embargo, por una falla en los motores de sus naves, realizan un aterrizaje forzoso perdiendo a su gran amiga Perlita. Para encontrarla, emprender\u00e1n un viaje de aventura y contar\u00e1n las historias de la literatura que m\u00e1s han disfrutado.<\/p>\n<p>Bajo la direcci\u00f3n de Berk T\u00fcrk, participan en el elenco Mar\u00eda Elena Ibarra y Ricardo L\u00f3pez. La puesta en escena va dirigida a ni\u00f1as y ni\u00f1os de 6 a 12 a\u00f1os, tiene una duraci\u00f3n de 45 minutos. La entrada es libre y no se requiere boleto.<\/p>\n<p>Posteriormente, se presentar\u00e1 el jueves 8 de agosto a las 18:00 horas en la Casa de la Cultura de San Francisco de los Romo (Av. Ju\u00e1rez No.\u00a0410,\u00a0Centro).<\/p>\n","protected":false},"excerpt":{"rendered":"<p>#informativoelvalledeaguascalientes #novaradioaguascalientes #informativoelvalledeaguascalientesll &nbsp; &nbsp; El Instituto Cultural de Aguascalientes (ICA) invita a la obra de teatro La ruta del cuento, con la compa\u00f1\u00eda Teatro Boel, que se presentar\u00e1 el domingo 4 de agosto a las 13:00 horas en el Teatro Antonio Leal y Romero, en la Casa de la Cultura (Venustiano Carranza No. 101, [&hellip;]<\/p>\n","protected":false},"author":13383,"featured_media":59294,"comment_status":"closed","ping_status":"open","sticky":false,"template":"","format":"standard","meta":{"advanced_seo_description":"","jetpack_seo_html_title":"","jetpack_seo_noindex":false,"_jetpack_memberships_contains_paid_content":false,"footnotes":"","jetpack_publicize_message":"","jetpack_publicize_feature_enabled":true,"jetpack_social_post_already_shared":true,"jetpack_social_options":{"image_generator_settings":{"template":"highway","default_image_id":0,"font":"","enabled":false},"version":2}},"categories":[21,4],"tags":[22,52],"class_list":["post-59293","post","type-post","status-publish","format-standard","has-post-thumbnail","hentry","category-aguascalientes","category-gobierno-del-estado-aguascalientes","tag-aguascalientes","tag-ica"],"jetpack_publicize_connections":[],"jetpack_featured_media_url":"https:\/\/i0.wp.com\/informativoelvalledeaguascalientes.online\/wp-content\/uploads\/2024\/08\/Imagen-de-WhatsApp-2024-08-03-a-las-09.17.18_4fe99137.jpg?fit=1200%2C1200&ssl=1","jetpack-related-posts":[],"jetpack_sharing_enabled":true,"jetpack_likes_enabled":true,"_links":{"self":[{"href":"https:\/\/informativoelvalledeaguascalientes.online\/index.php?rest_route=\/wp\/v2\/posts\/59293","targetHints":{"allow":["GET"]}}],"collection":[{"href":"https:\/\/informativoelvalledeaguascalientes.online\/index.php?rest_route=\/wp\/v2\/posts"}],"about":[{"href":"https:\/\/informativoelvalledeaguascalientes.online\/index.php?rest_route=\/wp\/v2\/types\/post"}],"author":[{"embeddable":true,"href":"https:\/\/informativoelvalledeaguascalientes.online\/index.php?rest_route=\/wp\/v2\/users\/13383"}],"replies":[{"embeddable":true,"href":"https:\/\/informativoelvalledeaguascalientes.online\/index.php?rest_route=%2Fwp%2Fv2%2Fcomments&post=59293"}],"version-history":[{"count":1,"href":"https:\/\/informativoelvalledeaguascalientes.online\/index.php?rest_route=\/wp\/v2\/posts\/59293\/revisions"}],"predecessor-version":[{"id":59295,"href":"https:\/\/informativoelvalledeaguascalientes.online\/index.php?rest_route=\/wp\/v2\/posts\/59293\/revisions\/59295"}],"wp:featuredmedia":[{"embeddable":true,"href":"https:\/\/informativoelvalledeaguascalientes.online\/index.php?rest_route=\/wp\/v2\/media\/59294"}],"wp:attachment":[{"href":"https:\/\/informativoelvalledeaguascalientes.online\/index.php?rest_route=%2Fwp%2Fv2%2Fmedia&parent=59293"}],"wp:term":[{"taxonomy":"category","embeddable":true,"href":"https:\/\/informativoelvalledeaguascalientes.online\/index.php?rest_route=%2Fwp%2Fv2%2Fcategories&post=59293"},{"taxonomy":"post_tag","embeddable":true,"href":"https:\/\/informativoelvalledeaguascalientes.online\/index.php?rest_route=%2Fwp%2Fv2%2Ftags&post=59293"}],"curies":[{"name":"wp","href":"https:\/\/api.w.org\/{rel}","templated":true}]}}