{"id":59233,"date":"2024-08-02T19:32:45","date_gmt":"2024-08-03T01:32:45","guid":{"rendered":"https:\/\/informativoelvalledeaguascalientes.online\/?p=59233"},"modified":"2024-08-02T22:34:16","modified_gmt":"2024-08-03T04:34:16","slug":"aguascalentense-obtiene-medalla-de-oro-en-los-campeonatos-panamericanos-de-patinaje-realizados-en-colombia","status":"publish","type":"post","link":"https:\/\/informativoelvalledeaguascalientes.online\/?p=59233","title":{"rendered":"AGUASCALENTENSE OBTIENE MEDALLA DE ORO EN LOS CAMPEONATOS PANAMERICANOS DE PATINAJE REALIZADOS EN COLOMBIA"},"content":{"rendered":"<p>#informativoelvalledeaguascalientes<\/p>\n<p>#novaradioaguascalientes<\/p>\n<p>#informativoelvalledeaguascalientesll<\/p>\n<p>&nbsp;<\/p>\n<p>&nbsp;<\/p>\n<div class=\"\" data-mesh-id=\"comp-l7sh9ubr2inlineContent\" data-testid=\"inline-content\">\n<div data-mesh-id=\"comp-l7sh9ubr2inlineContent-gridContainer\" data-testid=\"mesh-container-content\">\n<div id=\"comp-l7sh9ubx\" class=\"TWFxr5 \">\n<div class=\"comp-l7sh9ubx\">\n<div class=\"siSdJK4 comp-l7sh9ubx\" data-hook=\"ricosviewer-wrapper\">\n<div class=\"U4I07\" dir=\"ltr\" data-id=\"content-viewer\">\n<div class=\"hl-xW\">\n<div>\n<p id=\"viewer-foo\" class=\"-Zro6 -ZADH vVfzz AnCKd _57WYp\"><span class=\"d0767 vVfzz\">El Gobierno del Estado de Aguascalientes felicita al joven hidroc\u00e1lido Patricio de Luna Marroqu\u00edn, por conquistar la medalla de oro en los Campeonatos Panamericanos de Patinaje, celebrados en Ibagu\u00e9, Colombia, y que re\u00fanen a los mejores patinadores del Continente Americano.\u00a0<\/span><\/p>\n<div id=\"viewer-b3mom159\" class=\"-Zro6 -ZADH vVfzz _57WYp\"><span class=\"d0767 vVfzz\">\u00a0<\/span><\/div>\n<p id=\"viewer-bd90p160\" class=\"-Zro6 -ZADH vVfzz AnCKd _57WYp\"><span class=\"d0767 vVfzz\">Patricio se destac\u00f3 en la exigente prueba de 200 Metros Contra Meta (MCM), al superar a competidores de toda Am\u00e9rica; con ello demostr\u00f3 una vez m\u00e1s el alto nivel de los deportistas de Aguascalientes, llenando de orgullo a su familia, entrenadores y a todo M\u00e9xico.<\/span><\/p>\n<div id=\"viewer-xjcsx162\" class=\"-Zro6 -ZADH vVfzz _57WYp\"><span class=\"d0767 vVfzz\">\u00a0<\/span><\/div>\n<p id=\"viewer-dlqmi163\" class=\"-Zro6 -ZADH vVfzz AnCKd _57WYp\"><span class=\"d0767 vVfzz\">La gobernadora de Aguascalientes, Tere Jim\u00e9nez, felicit\u00f3 a Patricio por este extraordinario logro y le dese\u00f3 mucho \u00e9xito en sus futuros desaf\u00edos deportivos; dijo que su victoria es motivo de orgullo y celebraci\u00f3n para todas y todos.\u00a0<\/span><\/p>\n<div id=\"viewer-dz1o5165\" class=\"-Zro6 -ZADH vVfzz _57WYp\"><span class=\"d0767 vVfzz\">\u00a0<\/span><\/div>\n<p id=\"viewer-i6i8v166\" class=\"-Zro6 -ZADH vVfzz AnCKd _57WYp\"><span class=\"d0767 vVfzz\">Cabe destacar que este talentoso patinador es un testimonio del compromiso y del apoyo que ha recibido de parte de su equipo de entrenadores y del Instituto del Deporte del Estado de Aguascalientes (IDEA), que contin\u00faa impulsando a los atletas hacia el \u00e9xito internacional.<\/span><\/p>\n<div id=\"viewer-ruyu3168\" class=\"-Zro6 -ZADH IjV6v _57WYp\"><\/div>\n<\/div>\n<\/div>\n<\/div>\n<\/div>\n<\/div>\n<\/div>\n<\/div>\n<\/div>\n","protected":false},"excerpt":{"rendered":"<p>#informativoelvalledeaguascalientes #novaradioaguascalientes #informativoelvalledeaguascalientesll &nbsp; &nbsp; El Gobierno del Estado de Aguascalientes felicita al joven hidroc\u00e1lido Patricio de Luna Marroqu\u00edn, por conquistar la medalla de oro en los Campeonatos Panamericanos de Patinaje, celebrados en Ibagu\u00e9, Colombia, y que re\u00fanen a los mejores patinadores del Continente Americano.\u00a0 \u00a0 Patricio se destac\u00f3 en la exigente prueba de 200 [&hellip;]<\/p>\n","protected":false},"author":13383,"featured_media":59234,"comment_status":"closed","ping_status":"open","sticky":false,"template":"","format":"standard","meta":{"advanced_seo_description":"","jetpack_seo_html_title":"","jetpack_seo_noindex":false,"_jetpack_memberships_contains_paid_content":false,"footnotes":"","jetpack_publicize_message":"","jetpack_publicize_feature_enabled":true,"jetpack_social_post_already_shared":true,"jetpack_social_options":{"image_generator_settings":{"template":"highway","default_image_id":0,"font":"","enabled":false},"version":2}},"categories":[21,4],"tags":[22,615,113,849],"class_list":["post-59233","post","type-post","status-publish","format-standard","has-post-thumbnail","hentry","category-aguascalientes","category-gobierno-del-estado-aguascalientes","tag-aguascalientes","tag-gobierno-del-estado-de-aguascalientes","tag-idea","tag-mcm"],"jetpack_publicize_connections":[],"jetpack_featured_media_url":"https:\/\/i0.wp.com\/informativoelvalledeaguascalientes.online\/wp-content\/uploads\/2024\/08\/21.jpeg?fit=960%2C1280&ssl=1","jetpack-related-posts":[],"jetpack_sharing_enabled":true,"jetpack_likes_enabled":true,"_links":{"self":[{"href":"https:\/\/informativoelvalledeaguascalientes.online\/index.php?rest_route=\/wp\/v2\/posts\/59233","targetHints":{"allow":["GET"]}}],"collection":[{"href":"https:\/\/informativoelvalledeaguascalientes.online\/index.php?rest_route=\/wp\/v2\/posts"}],"about":[{"href":"https:\/\/informativoelvalledeaguascalientes.online\/index.php?rest_route=\/wp\/v2\/types\/post"}],"author":[{"embeddable":true,"href":"https:\/\/informativoelvalledeaguascalientes.online\/index.php?rest_route=\/wp\/v2\/users\/13383"}],"replies":[{"embeddable":true,"href":"https:\/\/informativoelvalledeaguascalientes.online\/index.php?rest_route=%2Fwp%2Fv2%2Fcomments&post=59233"}],"version-history":[{"count":1,"href":"https:\/\/informativoelvalledeaguascalientes.online\/index.php?rest_route=\/wp\/v2\/posts\/59233\/revisions"}],"predecessor-version":[{"id":59235,"href":"https:\/\/informativoelvalledeaguascalientes.online\/index.php?rest_route=\/wp\/v2\/posts\/59233\/revisions\/59235"}],"wp:featuredmedia":[{"embeddable":true,"href":"https:\/\/informativoelvalledeaguascalientes.online\/index.php?rest_route=\/wp\/v2\/media\/59234"}],"wp:attachment":[{"href":"https:\/\/informativoelvalledeaguascalientes.online\/index.php?rest_route=%2Fwp%2Fv2%2Fmedia&parent=59233"}],"wp:term":[{"taxonomy":"category","embeddable":true,"href":"https:\/\/informativoelvalledeaguascalientes.online\/index.php?rest_route=%2Fwp%2Fv2%2Fcategories&post=59233"},{"taxonomy":"post_tag","embeddable":true,"href":"https:\/\/informativoelvalledeaguascalientes.online\/index.php?rest_route=%2Fwp%2Fv2%2Ftags&post=59233"}],"curies":[{"name":"wp","href":"https:\/\/api.w.org\/{rel}","templated":true}]}}