{"id":59108,"date":"2024-07-31T13:43:29","date_gmt":"2024-07-31T19:43:29","guid":{"rendered":"https:\/\/informativoelvalledeaguascalientes.online\/?p=59108"},"modified":"2024-07-31T19:45:37","modified_gmt":"2024-08-01T01:45:37","slug":"realizan-platicas-con-familiares-del-programa-reintegra","status":"publish","type":"post","link":"https:\/\/informativoelvalledeaguascalientes.online\/?p=59108","title":{"rendered":"Realizan pl\u00e1ticas con familiares del programa Reintegra"},"content":{"rendered":"<p>#informativoelvalledeaguascalientes #novaradioaguascalientes #informativoelvalledeaguascalientesll<\/p>\n<p>&nbsp;<\/p>\n<p>&nbsp;<\/p>\n<p>Con el objetivo de reforzar los lazos familiares y de esta forma ofrecer un mejor ambiente familiar a los beneficiarios del programa Reintegra, el Centro Estatal de Prevenci\u00f3n, puso en marcha el Curso de Verano para los hijos y familiares de este programa, en el que participan tambi\u00e9n el Centro Agua Clara y la Secretar\u00eda de la Familia.<\/p>\n<p>De esta forma a trav\u00e9s de divertidas actividades se abordan temas como el fortalecimiento de las familias, el rechazo a la violencia, as\u00ed como al consumo de sustancias il\u00edcitas, generando conciencia sobre la influencia que se ejerce sobre los hijos, as\u00ed como las consecuencias f\u00edsicas, en salud, as\u00ed como emocionales y sociales que dichas sustancias generan.<\/p>\n<p>En dicha platica participaron familiares de beneficiados por el programa Reintegra 2024, que es un programa integral en el cual con otras actividades que se realizar\u00e1n durante esta temporada de verano.<\/p>\n","protected":false},"excerpt":{"rendered":"<p>#informativoelvalledeaguascalientes #novaradioaguascalientes #informativoelvalledeaguascalientesll &nbsp; &nbsp; Con el objetivo de reforzar los lazos familiares y de esta forma ofrecer un mejor ambiente familiar a los beneficiarios del programa Reintegra, el Centro Estatal de Prevenci\u00f3n, puso en marcha el Curso de Verano para los hijos y familiares de este programa, en el que participan tambi\u00e9n el Centro [&hellip;]<\/p>\n","protected":false},"author":13383,"featured_media":59109,"comment_status":"closed","ping_status":"open","sticky":false,"template":"","format":"standard","meta":{"advanced_seo_description":"","jetpack_seo_html_title":"","jetpack_seo_noindex":false,"_jetpack_memberships_contains_paid_content":false,"footnotes":"","jetpack_publicize_message":"","jetpack_publicize_feature_enabled":true,"jetpack_social_post_already_shared":true,"jetpack_social_options":{"image_generator_settings":{"template":"highway","default_image_id":0,"font":"","enabled":false},"version":2}},"categories":[21,4],"tags":[22,615,122],"class_list":["post-59108","post","type-post","status-publish","format-standard","has-post-thumbnail","hentry","category-aguascalientes","category-gobierno-del-estado-aguascalientes","tag-aguascalientes","tag-gobierno-del-estado-de-aguascalientes","tag-sspe-aguascalientes"],"jetpack_publicize_connections":[],"jetpack_featured_media_url":"https:\/\/i0.wp.com\/informativoelvalledeaguascalientes.online\/wp-content\/uploads\/2024\/07\/IMG-20240731-WA0077.jpg?fit=1600%2C1066&ssl=1","jetpack-related-posts":[],"jetpack_sharing_enabled":true,"jetpack_likes_enabled":true,"_links":{"self":[{"href":"https:\/\/informativoelvalledeaguascalientes.online\/index.php?rest_route=\/wp\/v2\/posts\/59108","targetHints":{"allow":["GET"]}}],"collection":[{"href":"https:\/\/informativoelvalledeaguascalientes.online\/index.php?rest_route=\/wp\/v2\/posts"}],"about":[{"href":"https:\/\/informativoelvalledeaguascalientes.online\/index.php?rest_route=\/wp\/v2\/types\/post"}],"author":[{"embeddable":true,"href":"https:\/\/informativoelvalledeaguascalientes.online\/index.php?rest_route=\/wp\/v2\/users\/13383"}],"replies":[{"embeddable":true,"href":"https:\/\/informativoelvalledeaguascalientes.online\/index.php?rest_route=%2Fwp%2Fv2%2Fcomments&post=59108"}],"version-history":[{"count":1,"href":"https:\/\/informativoelvalledeaguascalientes.online\/index.php?rest_route=\/wp\/v2\/posts\/59108\/revisions"}],"predecessor-version":[{"id":59110,"href":"https:\/\/informativoelvalledeaguascalientes.online\/index.php?rest_route=\/wp\/v2\/posts\/59108\/revisions\/59110"}],"wp:featuredmedia":[{"embeddable":true,"href":"https:\/\/informativoelvalledeaguascalientes.online\/index.php?rest_route=\/wp\/v2\/media\/59109"}],"wp:attachment":[{"href":"https:\/\/informativoelvalledeaguascalientes.online\/index.php?rest_route=%2Fwp%2Fv2%2Fmedia&parent=59108"}],"wp:term":[{"taxonomy":"category","embeddable":true,"href":"https:\/\/informativoelvalledeaguascalientes.online\/index.php?rest_route=%2Fwp%2Fv2%2Fcategories&post=59108"},{"taxonomy":"post_tag","embeddable":true,"href":"https:\/\/informativoelvalledeaguascalientes.online\/index.php?rest_route=%2Fwp%2Fv2%2Ftags&post=59108"}],"curies":[{"name":"wp","href":"https:\/\/api.w.org\/{rel}","templated":true}]}}