{"id":59105,"date":"2024-07-31T13:41:17","date_gmt":"2024-07-31T19:41:17","guid":{"rendered":"https:\/\/informativoelvalledeaguascalientes.online\/?p=59105"},"modified":"2024-07-31T19:43:19","modified_gmt":"2024-08-01T01:43:19","slug":"paramedicos-del-gamet-atienden-a-paciente-que-sufrio-caida","status":"publish","type":"post","link":"https:\/\/informativoelvalledeaguascalientes.online\/?p=59105","title":{"rendered":"Param\u00e9dicos del GAMET atienden a paciente que sufri\u00f3 ca\u00edda\u00a0"},"content":{"rendered":"<p>#informativoelvalledeaguascalientes #novaradioaguascalientes #informativoelvalledeaguascalientesll<\/p>\n<p>&nbsp;<\/p>\n<p>&nbsp;<\/p>\n<p>Una persona que sufri\u00f3 una ca\u00edda de aproximadamente 6 metros de altura, fue atendida por param\u00e9dicos del Grupo Aerom\u00e9dico T\u00e1ctico, de la Direcci\u00f3n General de Servicios A\u00e9reos de la Secretar\u00eda de Seguridad P\u00fablica del Estado, la cual fue trasladada a un nosocomio a bordo de una ambulancia municipal.<\/p>\n<p>Los hechos se registraron cerca de las 11:20 horas cuando al Servicio de Emergencia 911 llegaron reportes, en los cuales informaban que una persona al realizar algunas actividades, en determinado momento hab\u00eda ca\u00eddo de aproximadamente 6 metros de altura, por lo que de inmediato se trasladaron los param\u00e9dicos a\u00e9reos a un domicilio de la calle Refugio Reyes de La Pur\u00edsima en la ciudad capital, en donde atendieron a quien dijo llamarse Ricardo de 25 a\u00f1os de edad<\/p>\n<p>Ya en el punto, los param\u00e9dicos observaron al paciente recostado, por lo que de inmediato le realizaron la evaluaci\u00f3n correspondiente, en la cual, al estar inconsciente, pero sin alguna hemorragia de consideraci\u00f3n, se le suministr\u00f3 ox\u00edgeno y al realizarle una exploraci\u00f3n f\u00edsica, los t\u00e9cnicos de atenci\u00f3n prehospitalaria, detectaron una inestabilidad en cadera, por lo cual le colocaron una faja p\u00e9lvica para evitar una lesi\u00f3n mayor. Asimismo, se sospech\u00f3 una seria lesi\u00f3n en m\u00e9dula espinal, por lo cual se realizaron los protocolos correspondientes.<\/p>\n<p>Finalmente, el paciente fue asegurado y abordado a una ambulancia de los servicios municipales de emergencias, en la cual fue trasladado a recibir atenci\u00f3n m\u00e9dica a un nosocomio de la ciudad en donde su estado de salud se reporta grave.<\/p>\n","protected":false},"excerpt":{"rendered":"<p>#informativoelvalledeaguascalientes #novaradioaguascalientes #informativoelvalledeaguascalientesll &nbsp; &nbsp; Una persona que sufri\u00f3 una ca\u00edda de aproximadamente 6 metros de altura, fue atendida por param\u00e9dicos del Grupo Aerom\u00e9dico T\u00e1ctico, de la Direcci\u00f3n General de Servicios A\u00e9reos de la Secretar\u00eda de Seguridad P\u00fablica del Estado, la cual fue trasladada a un nosocomio a bordo de una ambulancia municipal. Los hechos [&hellip;]<\/p>\n","protected":false},"author":13383,"featured_media":59106,"comment_status":"closed","ping_status":"open","sticky":false,"template":"","format":"standard","meta":{"advanced_seo_description":"","jetpack_seo_html_title":"","jetpack_seo_noindex":false,"_jetpack_memberships_contains_paid_content":false,"footnotes":"","jetpack_publicize_message":"","jetpack_publicize_feature_enabled":true,"jetpack_social_post_already_shared":true,"jetpack_social_options":{"image_generator_settings":{"template":"highway","default_image_id":0,"font":"","enabled":false},"version":2}},"categories":[21,4],"tags":[22,615,122],"class_list":["post-59105","post","type-post","status-publish","format-standard","has-post-thumbnail","hentry","category-aguascalientes","category-gobierno-del-estado-aguascalientes","tag-aguascalientes","tag-gobierno-del-estado-de-aguascalientes","tag-sspe-aguascalientes"],"jetpack_publicize_connections":[],"jetpack_featured_media_url":"https:\/\/i0.wp.com\/informativoelvalledeaguascalientes.online\/wp-content\/uploads\/2024\/07\/IMG-20240731-WA0068.jpg?fit=1280%2C604&ssl=1","jetpack-related-posts":[],"jetpack_sharing_enabled":true,"jetpack_likes_enabled":true,"_links":{"self":[{"href":"https:\/\/informativoelvalledeaguascalientes.online\/index.php?rest_route=\/wp\/v2\/posts\/59105","targetHints":{"allow":["GET"]}}],"collection":[{"href":"https:\/\/informativoelvalledeaguascalientes.online\/index.php?rest_route=\/wp\/v2\/posts"}],"about":[{"href":"https:\/\/informativoelvalledeaguascalientes.online\/index.php?rest_route=\/wp\/v2\/types\/post"}],"author":[{"embeddable":true,"href":"https:\/\/informativoelvalledeaguascalientes.online\/index.php?rest_route=\/wp\/v2\/users\/13383"}],"replies":[{"embeddable":true,"href":"https:\/\/informativoelvalledeaguascalientes.online\/index.php?rest_route=%2Fwp%2Fv2%2Fcomments&post=59105"}],"version-history":[{"count":1,"href":"https:\/\/informativoelvalledeaguascalientes.online\/index.php?rest_route=\/wp\/v2\/posts\/59105\/revisions"}],"predecessor-version":[{"id":59107,"href":"https:\/\/informativoelvalledeaguascalientes.online\/index.php?rest_route=\/wp\/v2\/posts\/59105\/revisions\/59107"}],"wp:featuredmedia":[{"embeddable":true,"href":"https:\/\/informativoelvalledeaguascalientes.online\/index.php?rest_route=\/wp\/v2\/media\/59106"}],"wp:attachment":[{"href":"https:\/\/informativoelvalledeaguascalientes.online\/index.php?rest_route=%2Fwp%2Fv2%2Fmedia&parent=59105"}],"wp:term":[{"taxonomy":"category","embeddable":true,"href":"https:\/\/informativoelvalledeaguascalientes.online\/index.php?rest_route=%2Fwp%2Fv2%2Fcategories&post=59105"},{"taxonomy":"post_tag","embeddable":true,"href":"https:\/\/informativoelvalledeaguascalientes.online\/index.php?rest_route=%2Fwp%2Fv2%2Ftags&post=59105"}],"curies":[{"name":"wp","href":"https:\/\/api.w.org\/{rel}","templated":true}]}}