{"id":58873,"date":"2024-07-27T12:33:27","date_gmt":"2024-07-27T18:33:27","guid":{"rendered":"https:\/\/informativoelvalledeaguascalientes.online\/?p=58873"},"modified":"2024-07-27T21:34:50","modified_gmt":"2024-07-28T03:34:50","slug":"tere-jimenez-da-inicio-al-programa-de-reforestacion-2024-arboles-fuertes-huellas-gigantes","status":"publish","type":"post","link":"https:\/\/informativoelvalledeaguascalientes.online\/?p=58873","title":{"rendered":"TERE JIM\u00c9NEZ DA INICIO AL PROGRAMA DE REFORESTACI\u00d3N 2024 \u201c\u00c1RBOLES FUERTES, HUELLAS GIGANTES\u201d"},"content":{"rendered":"<p>#informativoelvalledeaguascalientes<\/p>\n<p>#novaradioaguascalientes<\/p>\n<p>#informativoelvalledeaguascalientesll<\/p>\n<p>&nbsp;<\/p>\n<p>&nbsp;<\/p>\n<ul class=\"xErDo AnCKd\">\n<li class=\"_04hd2 vVfzz\" dir=\"auto\">\n<div>\n<p id=\"viewer-wctpz146\" class=\"-Zro6 -ZADH vVfzz AnCKd _57WYp\"><span class=\"d0767 vVfzz\"><strong><em>Se plant\u00f3 un total de 2 mil \u00e1rboles en esta primera jornada<\/em><\/strong><\/span><\/p>\n<\/div>\n<\/li>\n<li class=\"_04hd2 vVfzz\" dir=\"auto\">\n<div>\n<p id=\"viewer-xmgb2149\" class=\"-Zro6 -ZADH vVfzz AnCKd _57WYp\"><span class=\"d0767 vVfzz\"><strong><em>La meta de este a\u00f1o es plantar 100 mil \u00e1rboles\u00a0<\/em><\/strong><\/span><\/p>\n<\/div>\n<\/li>\n<\/ul>\n<div id=\"viewer-g84dn151\" class=\"-Zro6 -ZADH vVfzz _57WYp\"><span class=\"d0767 vVfzz\">\u00a0<\/span><\/div>\n<p id=\"viewer-mp5ib152\" class=\"-Zro6 -ZADH vVfzz AnCKd _57WYp\"><span class=\"d0767 vVfzz\">La gobernadora de Aguascalientes, Tere Jim\u00e9nez, encabez\u00f3 el comienzo de la Campa\u00f1a Estatal de Reforestaci\u00f3n y Arborizaci\u00f3n \u201c\u00c1rboles Fuertes, Huellas Gigantes\u201d en el parque Rodolfo Landeros, donde invit\u00f3 a las y los asistentes a sumarse a esta causa y a seguir cuidando el medio ambiente.<\/span><\/p>\n<div id=\"viewer-95tgd154\" class=\"-Zro6 -ZADH vVfzz _57WYp\"><span class=\"d0767 vVfzz\">\u00a0<\/span><\/div>\n<p id=\"viewer-jtm6l155\" class=\"-Zro6 -ZADH vVfzz AnCKd _57WYp\"><span class=\"d0767 vVfzz\">La gobernadora destac\u00f3 que continuar\u00e1 con el fomento de esta cultura en las escuelas para que las nuevas generaciones valoren la importancia de preservar la vida.<\/span><\/p>\n<div id=\"viewer-t0098157\" class=\"-Zro6 -ZADH vVfzz _57WYp\"><span class=\"d0767 vVfzz\">\u00a0<\/span><\/div>\n<p id=\"viewer-9mv91158\" class=\"-Zro6 -ZADH vVfzz AnCKd _57WYp\"><span class=\"d0767 vVfzz\">\u201cHay que cuidar el medio ambiente y tener m\u00e1s acciones que palabras; debemos sembrar \u00e1rboles, cuidar el agua. Ahora lleg\u00f3 la lluvia y estos \u00e1rboles nos ayudan a que los pulmones est\u00e9n sanos, y vamos a seguir trabajando fuerte para que cada quien adopte un \u00e1rbol y que podamos tener esta cultura de proteger el medio ambiente\u201d, dijo Tere Jim\u00e9nez.<\/span><\/p>\n<div id=\"viewer-g2qaa160\" class=\"-Zro6 -ZADH vVfzz _57WYp\"><span class=\"d0767 vVfzz\">\u00a0<\/span><\/div>\n<p id=\"viewer-u61yc161\" class=\"-Zro6 -ZADH vVfzz AnCKd _57WYp\"><span class=\"d0767 vVfzz\">Emilia Esparza Varela, representante del Centro de Verificaci\u00f3n No. 29, mencion\u00f3 sentirse afortunada de acompa\u00f1ar a la gobernadora en este evento, pues le reconoci\u00f3 que siempre ha escuchado a la naturaleza y se ha preocupado por preservar un medio ambiente sano.<\/span><\/p>\n<div id=\"viewer-rtiax163\" class=\"-Zro6 -ZADH vVfzz _57WYp\"><span class=\"d0767 vVfzz\">\u00a0<\/span><\/div>\n<p id=\"viewer-wzo1p164\" class=\"-Zro6 -ZADH vVfzz AnCKd _57WYp\"><span class=\"d0767 vVfzz\">\u201cMe siento honrada de estar aqu\u00ed en este arranque de reforestaci\u00f3n 2024 y poder decir que juntos estamos trabajando por el medio ambiente, y hoy vamos a poner nuestro granito de arena para revertir la sequ\u00eda y las temperaturas altas, entre otros fen\u00f3menos climatol\u00f3gicos; quienes estamos aqu\u00ed sabemos que nunca es tarde para poner manos a la obra para heredar a nuestros hijos y nietos un mejor lugar\u201d, destac\u00f3.<\/span><\/p>\n<div id=\"viewer-3igfc166\" class=\"-Zro6 -ZADH vVfzz _57WYp\"><span class=\"d0767 vVfzz\">\u00a0<\/span><\/div>\n<p id=\"viewer-z23g4167\" class=\"-Zro6 -ZADH vVfzz AnCKd _57WYp\"><span class=\"d0767 vVfzz\">Sarahi Macias Alicea, titular de la Secretar\u00eda de Sustentabilidad, Medio Ambiente y Agua (SSMAA), detall\u00f3 que con este evento da inicio la Campa\u00f1a Estatal de Reforestaci\u00f3n y Arborizaci\u00f3n: \u201c\u00c1rboles Fuertes, Huellas Gigantes\u201d en su edici\u00f3n 2024, cuya meta es plantar 100 mil ejemplares en todo el estado.\u00a0<\/span><\/p>\n<div id=\"viewer-dy9od169\" class=\"-Zro6 -ZADH vVfzz _57WYp\"><span class=\"d0767 vVfzz\">\u00a0<\/span><\/div>\n<p id=\"viewer-5vfv1170\" class=\"-Zro6 -ZADH vVfzz AnCKd _57WYp\"><span class=\"d0767 vVfzz\">\u201cNuestra campa\u00f1a busca no solo plantar \u00e1rboles, sino tambi\u00e9n concientizar sobre la importancia de preservar nuestros ecosistemas. Plantar un \u00e1rbol es una acci\u00f3n sencilla, pero poderosa; trae beneficios al medio ambiente, tambi\u00e9n a nuestra salud y mejora la calidad de vida\u201d, subray\u00f3 la secretaria.<\/span><\/p>\n<div id=\"viewer-t8sjw172\" class=\"-Zro6 -ZADH vVfzz _57WYp\"><span class=\"d0767 vVfzz\">\u00a0<\/span><\/div>\n<p id=\"viewer-9msg7173\" class=\"-Zro6 -ZADH vVfzz AnCKd _57WYp\"><span class=\"d0767 vVfzz\">Durante el evento se entregaron kits de jardiner\u00eda para que las y los asistentes puedan crear huertos en su casa.<\/span><\/p>\n<div id=\"viewer-nxpvp175\" class=\"-Zro6 -ZADH vVfzz _57WYp\"><span class=\"d0767 vVfzz\">\u00a0<\/span><\/div>\n<p id=\"viewer-7v8k7176\" class=\"-Zro6 -ZADH vVfzz AnCKd _57WYp\"><span class=\"d0767 vVfzz\">Tambi\u00e9n estuvieron presentes el diputado Ra\u00fal Silva Perezchica, presidente de la Comisi\u00f3n de Educaci\u00f3n y Cultura del H. Congreso del Estado; Paty Castillo Romero, secretaria de Desarrollo Social, y Mar\u00eda Guadalupe Castorena Esparza, presidenta de Movimiento Ambiental A. C.<\/span><\/p>\n","protected":false},"excerpt":{"rendered":"<p>#informativoelvalledeaguascalientes #novaradioaguascalientes #informativoelvalledeaguascalientesll &nbsp; &nbsp; Se plant\u00f3 un total de 2 mil \u00e1rboles en esta primera jornada La meta de este a\u00f1o es plantar 100 mil \u00e1rboles\u00a0 \u00a0 La gobernadora de Aguascalientes, Tere Jim\u00e9nez, encabez\u00f3 el comienzo de la Campa\u00f1a Estatal de Reforestaci\u00f3n y Arborizaci\u00f3n \u201c\u00c1rboles Fuertes, Huellas Gigantes\u201d en el parque Rodolfo Landeros, donde [&hellip;]<\/p>\n","protected":false},"author":13383,"featured_media":58874,"comment_status":"closed","ping_status":"open","sticky":false,"template":"","format":"standard","meta":{"advanced_seo_description":"","jetpack_seo_html_title":"","jetpack_seo_noindex":false,"_jetpack_memberships_contains_paid_content":false,"footnotes":"","jetpack_publicize_message":"","jetpack_publicize_feature_enabled":true,"jetpack_social_post_already_shared":true,"jetpack_social_options":{"image_generator_settings":{"template":"highway","default_image_id":0,"font":"","enabled":false},"version":2}},"categories":[21,4],"tags":[22,615,320],"class_list":["post-58873","post","type-post","status-publish","format-standard","has-post-thumbnail","hentry","category-aguascalientes","category-gobierno-del-estado-aguascalientes","tag-aguascalientes","tag-gobierno-del-estado-de-aguascalientes","tag-tere-jimenez"],"jetpack_publicize_connections":[],"jetpack_featured_media_url":"https:\/\/i0.wp.com\/informativoelvalledeaguascalientes.online\/wp-content\/uploads\/2024\/07\/4-5.jpeg?fit=1600%2C1066&ssl=1","jetpack-related-posts":[],"jetpack_sharing_enabled":true,"jetpack_likes_enabled":true,"_links":{"self":[{"href":"https:\/\/informativoelvalledeaguascalientes.online\/index.php?rest_route=\/wp\/v2\/posts\/58873","targetHints":{"allow":["GET"]}}],"collection":[{"href":"https:\/\/informativoelvalledeaguascalientes.online\/index.php?rest_route=\/wp\/v2\/posts"}],"about":[{"href":"https:\/\/informativoelvalledeaguascalientes.online\/index.php?rest_route=\/wp\/v2\/types\/post"}],"author":[{"embeddable":true,"href":"https:\/\/informativoelvalledeaguascalientes.online\/index.php?rest_route=\/wp\/v2\/users\/13383"}],"replies":[{"embeddable":true,"href":"https:\/\/informativoelvalledeaguascalientes.online\/index.php?rest_route=%2Fwp%2Fv2%2Fcomments&post=58873"}],"version-history":[{"count":1,"href":"https:\/\/informativoelvalledeaguascalientes.online\/index.php?rest_route=\/wp\/v2\/posts\/58873\/revisions"}],"predecessor-version":[{"id":58875,"href":"https:\/\/informativoelvalledeaguascalientes.online\/index.php?rest_route=\/wp\/v2\/posts\/58873\/revisions\/58875"}],"wp:featuredmedia":[{"embeddable":true,"href":"https:\/\/informativoelvalledeaguascalientes.online\/index.php?rest_route=\/wp\/v2\/media\/58874"}],"wp:attachment":[{"href":"https:\/\/informativoelvalledeaguascalientes.online\/index.php?rest_route=%2Fwp%2Fv2%2Fmedia&parent=58873"}],"wp:term":[{"taxonomy":"category","embeddable":true,"href":"https:\/\/informativoelvalledeaguascalientes.online\/index.php?rest_route=%2Fwp%2Fv2%2Fcategories&post=58873"},{"taxonomy":"post_tag","embeddable":true,"href":"https:\/\/informativoelvalledeaguascalientes.online\/index.php?rest_route=%2Fwp%2Fv2%2Ftags&post=58873"}],"curies":[{"name":"wp","href":"https:\/\/api.w.org\/{rel}","templated":true}]}}